{"id":9339,"date":"2025-02-09T12:53:28","date_gmt":"2025-02-09T16:53:28","guid":{"rendered":"https:\/\/agromt.news\/?p=9339"},"modified":"2025-02-09T12:53:28","modified_gmt":"2025-02-09T16:53:28","slug":"encontro-marca-mais-uma-temporada-do-soja-brasil","status":"publish","type":"post","link":"https:\/\/agromt.news\/?p=9339","title":{"rendered":"encontro marca mais uma temporada do Soja Brasil!"},"content":{"rendered":"<p> <br \/>\n<br \/><img decoding=\"async\" src=\"https:\/\/agromt.news\/wp-content\/uploads\/2025\/02\/encontro-marca-mais-uma-temporada-do-Soja-Brasil.jpeg\" \/><\/p>\n<div>\n<p>O estado de Mato Grosso foi palco, nesta sexta-feira (7), da Abertura Nacional da Colheita da Soja, evento que marcou o in\u00edcio da 13\u00aa <a href=\"https:\/\/www.canalrural.com.br\/agricultura\/projeto-soja-brasil\/\">temporada <\/a>do programa Soja Brasil. Com o encontro de mais de mil pessoas, a celebra\u00e7\u00e3o reuniu produtores de soja de todo o Brasil em uma grande troca de informa\u00e7\u00f5es sobre o setor. <\/p>\n<p>Durante o encontro, diversos temas de relev\u00e2ncia para o setor foram discutidos, com destaque para os desafios e as oportunidades do mercado da soja, a sustentabilidade na produ\u00e7\u00e3o e os avan\u00e7os em biocombust\u00edveis.<\/p>\n<figure class=\"wp-block-embed is-type-video is-provider-youtube wp-block-embed-youtube wp-embed-aspect-16-9 wp-has-aspect-ratio\">\n<p>\n<iframe title=\"Abertura Nacional da Colheita de Soja: evento marca a 13\u00b0 temporada do programa\" width=\"800\" height=\"450\" src=\"https:\/\/www.youtube.com\/embed\/vYkp3iA2gvE?feature=oembed\" frameborder=\"0\" allow=\"accelerometer; autoplay; clipboard-write; encrypted-media; gyroscope; picture-in-picture; web-share\" referrerpolicy=\"strict-origin-when-cross-origin\" allowfullscreen><\/iframe><noscript><iframe title=\"Abertura Nacional da Colheita de Soja: evento marca a 13\u00b0 temporada do programa\" width=\"800\" height=\"450\" src=\"https:\/\/www.youtube.com\/embed\/vYkp3iA2gvE?feature=oembed\" frameborder=\"0\" allow=\"accelerometer; autoplay; clipboard-write; encrypted-media; gyroscope; picture-in-picture; web-share\" referrerpolicy=\"strict-origin-when-cross-origin\" allowfullscreen><\/iframe><\/noscript>\n<\/p>\n<\/figure>\n<p>O p\u00fablico teve a oportunidade de acompanhar debates enriquecedores, como a an\u00e1lise macroeconomia de Marcos Fava Neves, professor da USP, o \u2018Dr. Agro\u2019, que tra\u00e7ou um cen\u00e1rio para o futuro da soja, destacando a import\u00e2ncia do desenvolvimento e da inova\u00e7\u00e3o no campo.<\/p>\n<\/div>\n<div>\n<p>O primeiro painel foi dedicado \u00e0 sustentabilidade na produ\u00e7\u00e3o, com foco na COP 30, que acontecer\u00e1 em novembro, Bel\u00e9m do Par\u00e1, enfatizando a necessidade de novos acordos internacionais para garantir um futuro mais sustent\u00e1vel. J\u00e1 o segundo painel abordou a produ\u00e7\u00e3o de alimentos e os biocombust\u00edveis, discutindo temas como o aumento da mistura de etanol e o crescente mercado de combust\u00edveis sustent\u00e1veis.<\/p>\n<p>A edi\u00e7\u00e3o deste ano da Abertura Nacional da Colheita da Soja \u00e9 ainda mais especial, pois comemora os 20 anos da soja em Mato Grosso. O estado, l\u00edder na produ\u00e7\u00e3o de soja no Brasil, espera superar a marca de 44 milh\u00f5es de toneladas nesta safra, representando mais de 26% da produ\u00e7\u00e3o nacional. A colheita simb\u00f3lica nas lavouras reafirmou a import\u00e2ncia do trabalho \u00e1rduo e da dedica\u00e7\u00e3o dos produtores rurais, que continuam a impulsionar o agroneg\u00f3cio brasileiro.<\/p>\n<p>Assista aos programas Soja Brasil atrav\u00e9s deste <a href=\"https:\/\/www.youtube.com\/watch?v=468BIS_jYQI&amp;list=PL8fRHJSOpctgTM-pNV-GjORGCkd7Xlkzp&amp;index=29\">link<\/a>.<\/p>\n<\/p><\/div>\n<p><br \/>\n<br \/><a href=\"https:\/\/www.canalrural.com.br\/agricultura\/projeto-soja-brasil\/mt-encontro-marca-mais-uma-temporada-do-soja-brasil\/\">Source link <\/a><\/p>\n","protected":false},"excerpt":{"rendered":"<p>O estado de Mato Grosso foi palco, nesta sexta-feira (7), da Abertura Nacional da Colheita da Soja, evento que marcou<\/p>\n","protected":false},"author":1,"featured_media":9340,"comment_status":"open","ping_status":"open","sticky":false,"template":"","format":"standard","meta":{"_monsterinsights_skip_tracking":false,"_monsterinsights_sitenote_active":false,"_monsterinsights_sitenote_note":"","_monsterinsights_sitenote_category":0,"_uf_show_specific_survey":0,"_uf_disable_surveys":false,"footnotes":""},"categories":[1],"tags":[],"class_list":["post-9339","post","type-post","status-publish","format-standard","has-post-thumbnail","hentry","category-news"],"_links":{"self":[{"href":"https:\/\/agromt.news\/index.php?rest_route=\/wp\/v2\/posts\/9339"}],"collection":[{"href":"https:\/\/agromt.news\/index.php?rest_route=\/wp\/v2\/posts"}],"about":[{"href":"https:\/\/agromt.news\/index.php?rest_route=\/wp\/v2\/types\/post"}],"author":[{"embeddable":true,"href":"https:\/\/agromt.news\/index.php?rest_route=\/wp\/v2\/users\/1"}],"replies":[{"embeddable":true,"href":"https:\/\/agromt.news\/index.php?rest_route=%2Fwp%2Fv2%2Fcomments&post=9339"}],"version-history":[{"count":0,"href":"https:\/\/agromt.news\/index.php?rest_route=\/wp\/v2\/posts\/9339\/revisions"}],"wp:featuredmedia":[{"embeddable":true,"href":"https:\/\/agromt.news\/index.php?rest_route=\/wp\/v2\/media\/9340"}],"wp:attachment":[{"href":"https:\/\/agromt.news\/index.php?rest_route=%2Fwp%2Fv2%2Fmedia&parent=9339"}],"wp:term":[{"taxonomy":"category","embeddable":true,"href":"https:\/\/agromt.news\/index.php?rest_route=%2Fwp%2Fv2%2Fcategories&post=9339"},{"taxonomy":"post_tag","embeddable":true,"href":"https:\/\/agromt.news\/index.php?rest_route=%2Fwp%2Fv2%2Ftags&post=9339"}],"curies":[{"name":"wp","href":"https:\/\/api.w.org\/{rel}","templated":true}]}}