{"id":9332,"date":"2025-02-09T10:12:10","date_gmt":"2025-02-09T14:12:10","guid":{"rendered":"https:\/\/agromt.news\/?p=9332"},"modified":"2025-02-09T10:12:10","modified_gmt":"2025-02-09T14:12:10","slug":"presente-despretensioso-ganha-cultivo-e-mercado-internacional","status":"publish","type":"post","link":"https:\/\/agromt.news\/?p=9332","title":{"rendered":"presente despretensioso ganha cultivo e mercado internacional"},"content":{"rendered":"<p> <br \/>\n<\/p>\n<div>\n<p>Exportar \u00e9 a vontade de muitos produtores rurais, mas alcan\u00e7ar esse objetivo exige esfor\u00e7o, qualifica\u00e7\u00e3o e dedica\u00e7\u00e3o.\u00a0<\/p>\n<p>No interior de S\u00e3o Paulo, na cidade de Itu, Renato Brando e Eliana Monteiro conseguiram alcan\u00e7ar este marco.\u00a0Eles transformaram o cultivo de pitaias em um neg\u00f3cio rent\u00e1vel que rompeu as<a href=\"https:\/\/www.canalrural.com.br\/empreendedorismo\/alianca-entre-sao-paulo-e-distrito-federal-reforca-a-fruticultura\/\"> fronteiras brasileiras<\/a>. <\/p>\n<p>Parte da produ\u00e7\u00e3o de pitaia, tamb\u00e9m conhecida como fruta do drag\u00e3o, \u00e9 destinada ao mercado internacional. A hist\u00f3ria do casal come\u00e7ou quando Renato presenteou Eliana com uma muda da planta. Ela ficou encantada com a beleza da flor e da fruta.\u00a0<\/p>\n<p>Eliana e Renato sempre trabalharam no segmento de ind\u00fastria qu\u00edmica. A vida na capital paulista sempre foi puxada e, visando o futuro, come\u00e7aram a planejar o que fariam quando chegasse o momento de se aposentar.\u00a0<\/p>\n<p>Com uma conex\u00e3o natural com o campo, decidiram trocar a vida urbana pelo cultivo de pitaias a partir do presente que Renato deu \u00e0 Eliana.\u00a0Antes mesmo de iniciar o plantio, o casal visitou uma planta\u00e7\u00e3o j\u00e1 estruturada. Adquiriram mudas e come\u00e7aram o cultivo da fruta ex\u00f3tica.\u00a0<\/p>\n<blockquote class=\"wp-block-quote is-layout-flow wp-block-quote-is-layout-flow\">\n<p>\u201cNo in\u00edcio, fizemos tudo de forma improvisada, sem an\u00e1lise de solo ou preparo adequado. N\u00e3o conhec\u00edamos o controle de pragas, o que atrasou o crescimento\u201d, lembrou Renato.<\/p>\n<\/blockquote>\n<p>Aos poucos, o casal foi buscando conhecimento com outros produtores rurais, al\u00e9m de qualifica\u00e7\u00e3o especializada.\u00a0<\/p>\n<blockquote class=\"wp-block-quote is-layout-flow wp-block-quote-is-layout-flow\">\n<p>\u201cFizemos cursos no Sebrae e no Senar, que nos ensinaram sobre gest\u00e3o, manejo e finan\u00e7as. Esses conhecimentos foram essenciais para estruturar nosso neg\u00f3cio e buscar a certifica\u00e7\u00e3o necess\u00e1ria para exportar\u201d, afirmou Eliana.<\/p>\n<\/blockquote>\n<p>Com o tempo e qualifica\u00e7\u00e3o, o casal dominou o cultivo e a gest\u00e3o de neg\u00f3cios. <\/p>\n<blockquote class=\"wp-block-quote is-layout-flow wp-block-quote-is-layout-flow\">\n<p>\u201cAt\u00e9 o quarto, quinto ano, a produtividade foi somente para manuten\u00e7\u00e3o dos custos que n\u00f3s t\u00ednhamos com adubo, m\u00e3o de obra e o manejo\u201d,\u00a0 disse a produtora.<\/p>\n<\/blockquote>\n<p>Eliana ainda contou que j\u00e1 est\u00e1 no s\u00e9timo ano de cultivo e percebeu que, apenas em 2023, a atividade se tornou realmente lucrativa.\u00a0<\/p>\n<blockquote class=\"wp-block-quote is-layout-flow wp-block-quote-is-layout-flow\">\n<p>\u201cEm 2023, n\u00f3s produzimos 23 toneladas. Em 2024, cerca de 30 toneladas de pitaia. Para a gente, n\u00e3o \u00e9 s\u00f3 a parte financeira, mas tamb\u00e9m saber que o nosso produto \u00e9 um alimento para o consumidor\u201d, afirmou a produtora.\u00a0\u00a0<\/p>\n<\/blockquote>\n<figure class=\"wp-block-image size-full\"><img fetchpriority=\"high\" decoding=\"async\" width=\"777\" height=\"473\" alt=\"Em uma planta\u00e7\u00e3o de pitaias uma mulher, um homem com cesta de pitaia e no fundo um cachorro\" class=\"wp-image-4086734\"  data-lazy- src=\"https:\/\/agromt.news\/wp-content\/uploads\/2025\/02\/presente-despretensioso-ganha-cultivo-e-mercado-internacional.jpg\"\/><img decoding=\"async\" width=\"777\" height=\"473\" src=\"https:\/\/agromt.news\/wp-content\/uploads\/2025\/02\/presente-despretensioso-ganha-cultivo-e-mercado-internacional.jpg\" alt=\"Em uma planta\u00e7\u00e3o de pitaias uma mulher, um homem com cesta de pitaia e no fundo um cachorro\" class=\"wp-image-4086734\"  \/><figcaption class=\"wp-element-caption\">Foto: divulga\u00e7\u00e3o <\/figcaption><\/figure>\n<p>Os produtores afirmaram que o network (<em>rede de contatos, em portugu\u00eas<\/em>) tamb\u00e9m foi um divisor de \u00e1guas para chegar ao mercado internacional.<\/p>\n<\/div>\n<div>\n<blockquote class=\"wp-block-quote is-layout-flow wp-block-quote-is-layout-flow\">\n<p>\u201cUm dia um rapaz veio trazer adubo e disse que conhecia um exportador. Come\u00e7ou a\u00ed, uma conversa para a gente exportar. N\u00e3o fazemos isso direto, porque n\u00e3o estamos preparados, quem sabe no futuro, mas atrav\u00e9s de parceiros, a gente manda as nossas pitaias para Am\u00e9rica do Norte e Europa\u201d, disse Renato.\u00a0<\/p>\n<\/blockquote>\n<p>A primeira exporta\u00e7\u00e3o ficar\u00e1 para sempre guardada na mem\u00f3ria do casal, porque a separa\u00e7\u00e3o das frutas exigiu cuidado redobrado.\u00a0<\/p>\n<blockquote class=\"wp-block-quote is-layout-flow wp-block-quote-is-layout-flow\">\n<p>\u201cPrecisam ser perfeitas! Casca sem marcas, cor intensa e peso ideal. N\u00e3o foi f\u00e1cil, mas conseguimos\u201d, contou Renato.<\/p>\n<\/blockquote>\n<p>Al\u00e9m do mercado internacional, os produtores vendem para estabelecimentos locais, como mercados, quitandas ou diretamente ao consumidor.\u00a0Para Renato, ser produtor rural \u00e9 mais do que um trabalho. Se tornou um estilo de vida. <\/p>\n<blockquote class=\"wp-block-quote is-layout-flow wp-block-quote-is-layout-flow\">\n<p>\u201c\u00c9 conviver com a natureza, cuidar da terra e viver com prop\u00f3sito\u201d, relatou.<\/p>\n<\/blockquote>\n<p>Eliana complementa dizendo que a fruta transformou a vida do casal.<\/p>\n<blockquote class=\"wp-block-quote is-layout-flow wp-block-quote-is-layout-flow\">\n<p> \u201cProduzir algo que alimenta outras pessoas \u00e9 uma realiza\u00e7\u00e3o.\u201d <\/p>\n<\/blockquote>\n<p>A parceria s\u00f3lida do casal une paix\u00e3o, qualifica\u00e7\u00e3o e rentabilidade.<\/p>\n<h2 class=\"wp-block-heading\" id=\"h-porteira-aberta-empreender-conectando-o-campo-e-o-mundo\"><strong>Porteira Aberta Empreender: conectando o campo e o mundo<\/strong><\/h2>\n<p>Quer conhecer mais\u00a0sobre a <a href=\"https:\/\/www.canalrural.com.br\/empreendedorismo\/confira-os-programetes-com-dicas-uteis-ao-pequeno-produtor\/\">hist\u00f3ria<\/a> do Renato e da Eliana?\u00a0Ent\u00e3o assista ao Porteira Aberta Empreender no dia 13\/02, quinta-feira, \u00e0s 17h45. Entre os assuntos que ser\u00e3o abordados est\u00e3o, exporta\u00e7\u00e3o, fairtrade e muito mais. <\/p>\n<p>\u00a0O programa \u00e9 uma produ\u00e7\u00e3o do Canal Rural em parceria com o <a href=\"https:\/\/sebrae.com.br\/sites\/PortalSebrae\/\">Sebrae<\/a>, e \u00e9 o lugar certo para voc\u00ea descobrir produtos, servi\u00e7os e inova\u00e7\u00f5es que v\u00e3o fortalecer seu o empreendedorismo no campo.<\/p>\n<ul class=\"wp-block-list\">\n<li><strong><em>Participe do Porteira Aberta Empreender: envie perguntas, sugest\u00f5es e conte sua hist\u00f3ria de empreendedorismo pelo\u00a0<\/em><\/strong><a href=\"https:\/\/api.whatsapp.com\/send?phone=5511932796720&amp;PorteiraAbertaEmpreender=SuaMensagem\"><strong><em>WhatsApp<\/em><\/strong><\/a>.<\/li>\n<\/ul>\n<h2 class=\"wp-block-heading\" id=\"h-confira-onde-assistir-ao-programa\">Confira onde assistir ao programa<\/h2>\n<p>No dia 13 de fevereiro, assista ao Porteira Aberta Empreender em um destes canais: <\/p>\n<figure class=\"wp-block-image size-full\"><img decoding=\"async\" width=\"1013\" height=\"1017\" alt=\"Canais\" class=\"wp-image-4086739\"  data-lazy- src=\"https:\/\/agromt.news\/wp-content\/uploads\/2025\/02\/presente-despretensioso-ganha-cultivo-e-mercado-internacional.png\"\/><img loading=\"lazy\" decoding=\"async\" width=\"1013\" height=\"1017\" src=\"https:\/\/agromt.news\/wp-content\/uploads\/2025\/02\/presente-despretensioso-ganha-cultivo-e-mercado-internacional.png\" alt=\"Canais\" class=\"wp-image-4086739\"  \/><figcaption class=\"wp-element-caption\">Canais dispon\u00edveis para assistir ao programa Porteira Aberta Empreender, \u00e0s quintas-feiras, \u00e0s 17h45, e aos domingos, \u00e0s 7h30<\/figcaption><\/figure>\n<p>Acesse\u00a0<a href=\"https:\/\/www.canalrural.com.br\/empreendedorismo\/credito-consciente-a-chave-para-crescer-no-campo\/\">aqui<\/a>\u00a0e confira outros temas abordados como Acesso ao Cr\u00e9dito e Indica\u00e7\u00e3o Geogr\u00e1fica.\u00a0<\/p>\n<\/p><\/div>\n<p><br \/>\n<br \/><a href=\"https:\/\/www.canalrural.com.br\/empreendedorismo\/exportacao-de-pitaias-presente-despretensioso-ganha-cultivo-e-mercado-internacional\/\">Source link <\/a><\/p>\n","protected":false},"excerpt":{"rendered":"<p>Exportar \u00e9 a vontade de muitos produtores rurais, mas alcan\u00e7ar esse objetivo exige esfor\u00e7o, qualifica\u00e7\u00e3o e dedica\u00e7\u00e3o.\u00a0 No interior de<\/p>\n","protected":false},"author":1,"featured_media":9333,"comment_status":"open","ping_status":"open","sticky":false,"template":"","format":"standard","meta":{"_monsterinsights_skip_tracking":false,"_monsterinsights_sitenote_active":false,"_monsterinsights_sitenote_note":"","_monsterinsights_sitenote_category":0,"_uf_show_specific_survey":0,"_uf_disable_surveys":false,"footnotes":""},"categories":[1],"tags":[],"class_list":["post-9332","post","type-post","status-publish","format-standard","has-post-thumbnail","hentry","category-news"],"_links":{"self":[{"href":"https:\/\/agromt.news\/index.php?rest_route=\/wp\/v2\/posts\/9332"}],"collection":[{"href":"https:\/\/agromt.news\/index.php?rest_route=\/wp\/v2\/posts"}],"about":[{"href":"https:\/\/agromt.news\/index.php?rest_route=\/wp\/v2\/types\/post"}],"author":[{"embeddable":true,"href":"https:\/\/agromt.news\/index.php?rest_route=\/wp\/v2\/users\/1"}],"replies":[{"embeddable":true,"href":"https:\/\/agromt.news\/index.php?rest_route=%2Fwp%2Fv2%2Fcomments&post=9332"}],"version-history":[{"count":0,"href":"https:\/\/agromt.news\/index.php?rest_route=\/wp\/v2\/posts\/9332\/revisions"}],"wp:featuredmedia":[{"embeddable":true,"href":"https:\/\/agromt.news\/index.php?rest_route=\/wp\/v2\/media\/9333"}],"wp:attachment":[{"href":"https:\/\/agromt.news\/index.php?rest_route=%2Fwp%2Fv2%2Fmedia&parent=9332"}],"wp:term":[{"taxonomy":"category","embeddable":true,"href":"https:\/\/agromt.news\/index.php?rest_route=%2Fwp%2Fv2%2Fcategories&post=9332"},{"taxonomy":"post_tag","embeddable":true,"href":"https:\/\/agromt.news\/index.php?rest_route=%2Fwp%2Fv2%2Ftags&post=9332"}],"curies":[{"name":"wp","href":"https:\/\/api.w.org\/{rel}","templated":true}]}}