{"id":933,"date":"2024-08-29T21:06:33","date_gmt":"2024-08-30T01:06:33","guid":{"rendered":"https:\/\/agromt.news\/?p=933"},"modified":"2024-08-29T21:06:33","modified_gmt":"2024-08-30T01:06:33","slug":"agricultura-familiar-vende-r-51-milhoes-nos-primeiros-cinco-dias","status":"publish","type":"post","link":"https:\/\/agromt.news\/?p=933","title":{"rendered":"agricultura familiar vende R$ 5,1 milh\u00f5es nos primeiros cinco dias"},"content":{"rendered":"<p> <br \/>\n<\/p>\n<div>\n<p style=\"text-align:justify\">O 26\u00ba Pavilh\u00e3o da Agricultura Familiar (PAF) da Expointer foi inaugurado oficialmente nesta quinta-feira (29), no Parque de Exposi\u00e7\u00f5es Assis Brasil, em Esteio. A solenidade teve a presen\u00e7a do governador Eduardo Leite, do secret\u00e1rio de Desenvolvimento Rural, Vilson Covatti, do ministro do Desenvolvimento Agr\u00e1rio e Agricultura Familiar, Paulo Teixeira, e do ministro-chefe da Secretaria Extraordin\u00e1ria de Apoio \u00e0 Reconstru\u00e7\u00e3o do Rio Grande do Sul, Paulo Pimenta. Compareceram tamb\u00e9m representantes das entidades que organizam o pavilh\u00e3o e deputados federais e estaduais.\n<\/p>\n<p style=\"text-align:justify\">Com foco na recupera\u00e7\u00e3o do setor agropecu\u00e1rio e na retomada da economia, o pavilh\u00e3o conta com o maior n\u00famero de expositores da hist\u00f3ria: s\u00e3o 413 empreendimentos no local. At\u00e9 quarta-feira (28), quinto dia da Expointer, foram comercializados R$ 5,1 milh\u00f5es no PAF \u2013 um aumento de 20,38% em rela\u00e7\u00e3o ao ano passado.<\/p>\n<p style=\"text-align:justify\"><a href=\"https:\/\/www.agrolink.com.br\/noticias\/expointer--expositores-que-sofreram-com-as-enchentes-sao-exemplos-de-superacao_494398.html?utm_source=agrolink-detalhe-noticia&amp;utm_medium=detalhe-noticia&amp;utm_campaign=links-internos\" target=\"_blank\" rel=\"noopener\">Veja tamb\u00e9m:\u00a0 Expointer: expositores que sofreram com as enchentes s\u00e3o exemplos de supera\u00e7\u00e3o<\/a><\/p>\n<p style=\"text-align:justify\">Durante a solenidade, Leite destacou a import\u00e2ncia do evento e o impacto positivo das pol\u00edticas p\u00fablicas voltadas para o fortalecimento da agroind\u00fastria familiar no Estado. \u201cO Pavilh\u00e3o da Agricultura Familiar \u00e9 um orgulho para todos n\u00f3s. Al\u00e9m de celebrarmos sucessivas quebras de recordes na comercializa\u00e7\u00e3o dos produtos, estamos vendo um n\u00famero maior de expositores, com grande participa\u00e7\u00e3o das mulheres e dos jovens\u201d, disse. \u201cO governo estimula a agroind\u00fastria familiar por meio de diversas pol\u00edticas p\u00fablicas e investe na produ\u00e7\u00e3o por ter convic\u00e7\u00e3o de que esse \u00e9 um caminho importante para o nosso desenvolvimento.\u201d\n<\/p>\n<p style=\"text-align:justify\">Covatti celebrou os resultados alcan\u00e7ados pelo PAF nos primeiros dias de feira, ressaltando a resili\u00eancia dos agricultores familiares diante dos desafios clim\u00e1ticos enfrentados pelo Rio Grande do Sul. \u201cEssa \u00e9 a Expointer da esperan\u00e7a. A prova disso est\u00e1 nos dados di\u00e1rios de vendas do Pavilh\u00e3o da Agricultura Familiar. N\u00e3o poder\u00edamos estar mais felizes e honrados com os resultados. Diante de todos os desafios impostos ao nosso Estado pelas recentes calamidades meteorol\u00f3gicas, a resili\u00eancia do nosso povo \u00e9 o que temos de mais caro\u201d, afirmou.<\/p>\n<p style=\"text-align:justify\">\u201cA agricultura do Rio Grande do Sul \u00e9 aquela que ensina ao Brasil, com o modo cooperativado e associado de produzir. Devemos celebrar a agricultura familiar, que nesta Expointer mostra sua resili\u00eancia, pot\u00eancia e for\u00e7a\u201d, disse Teixeira.<\/p>\n<p style=\"text-align:justify\">O coordenador-geral da Federa\u00e7\u00e3o dos Trabalhadores e Trabalhadoras na Agricultura Familiar do Rio Grande do Sul (Fetraf-RS), Douglas Cenci, ressaltou a supera\u00e7\u00e3o ap\u00f3s as enchentes. \u201cMuitos agricultores familiares perderam tudo: casa, produ\u00e7\u00e3o, estrutura. Mesmo assim, est\u00e3o oferecendo o que h\u00e1 de melhor da agricultura familiar\u201d, salientou. \u201cTemos orgulho de construir as condi\u00e7\u00f5es para que estivessem aqui, n\u00e3o s\u00f3 no ponto de vista da comercializa\u00e7\u00e3o da feira, mas do conjunto de pol\u00edticas p\u00fablicas que fazem com que o agricultor possa permanecer no campo e construir a valoriza\u00e7\u00e3o da agricultura familiar.\u201d\n<\/p>\n<p style=\"text-align:justify\">\u201cQuando se investe no agricultor familiar, ele responde. S\u00f3 precisa da ajuda dos governos para ter tranquilidade, porque o resto ele faz acontecer. Assim, podem seguir firmes e fortes nesta vitrine que \u00e9 a Expointer\u201d, frisou o presidente da Federa\u00e7\u00e3o dos Trabalhadores na Agricultura no Rio Grande do Sul (Fetag-RS), Carlos Joel da Silva.<\/p>\n<p style=\"text-align:justify\">A Expointer segue at\u00e9 o pr\u00f3ximo domingo dia (1), com hor\u00e1rio de funcionamento das 8h \u00e0s 20h. Na sexta-feira (30), ocorrer\u00e1 a abertura oficial da feira, que ser\u00e1 realizada na pista central do parque.<\/p>\n<\/div>\n<p><script data-cfasync=\"false\">\n    !function (f, b, e, v, n, t, s) {\n        if (f.fbq) return; n = f.fbq = function () {\n            n.callMethod ?\n                n.callMethod.apply(n, arguments) : n.queue.push(arguments)\n        };\n        if (!f._fbq) f._fbq = n; n.push = n; n.loaded = !0; n.version = '2.0';\n        n.queue = []; t = b.createElement(e); t.async = !0;\n        t.src = v; s = b.getElementsByTagName(e)[0];\n        s.parentNode.insertBefore(t, s)\n    }(window, document, 'script',\n        'https:\/\/connect.facebook.net\/en_US\/fbevents.js');\n    fbq('init', '522546078623747');\n    fbq('track', 'PageView');\n<\/script><br \/>\n<br \/><br \/>\n<br \/><a href=\"https:\/\/www.agrolink.com.br\/noticias\/expointer--agricultura-familiar-vende-r--5-1-milhoes-nos-primeiros-cinco-dias_494479.html\">Source link <\/a><\/p>\n","protected":false},"excerpt":{"rendered":"<p>O 26\u00ba Pavilh\u00e3o da Agricultura Familiar (PAF) da Expointer foi inaugurado oficialmente nesta quinta-feira (29), no Parque de Exposi\u00e7\u00f5es Assis<\/p>\n","protected":false},"author":1,"featured_media":934,"comment_status":"open","ping_status":"open","sticky":false,"template":"","format":"standard","meta":{"_monsterinsights_skip_tracking":false,"_monsterinsights_sitenote_active":false,"_monsterinsights_sitenote_note":"","_monsterinsights_sitenote_category":0,"_uf_show_specific_survey":0,"_uf_disable_surveys":false,"footnotes":""},"categories":[8,1,14],"tags":[],"class_list":["post-933","post","type-post","status-publish","format-standard","has-post-thumbnail","hentry","category-agro","category-news","category-politica-agro"],"_links":{"self":[{"href":"https:\/\/agromt.news\/index.php?rest_route=\/wp\/v2\/posts\/933"}],"collection":[{"href":"https:\/\/agromt.news\/index.php?rest_route=\/wp\/v2\/posts"}],"about":[{"href":"https:\/\/agromt.news\/index.php?rest_route=\/wp\/v2\/types\/post"}],"author":[{"embeddable":true,"href":"https:\/\/agromt.news\/index.php?rest_route=\/wp\/v2\/users\/1"}],"replies":[{"embeddable":true,"href":"https:\/\/agromt.news\/index.php?rest_route=%2Fwp%2Fv2%2Fcomments&post=933"}],"version-history":[{"count":0,"href":"https:\/\/agromt.news\/index.php?rest_route=\/wp\/v2\/posts\/933\/revisions"}],"wp:featuredmedia":[{"embeddable":true,"href":"https:\/\/agromt.news\/index.php?rest_route=\/wp\/v2\/media\/934"}],"wp:attachment":[{"href":"https:\/\/agromt.news\/index.php?rest_route=%2Fwp%2Fv2%2Fmedia&parent=933"}],"wp:term":[{"taxonomy":"category","embeddable":true,"href":"https:\/\/agromt.news\/index.php?rest_route=%2Fwp%2Fv2%2Fcategories&post=933"},{"taxonomy":"post_tag","embeddable":true,"href":"https:\/\/agromt.news\/index.php?rest_route=%2Fwp%2Fv2%2Ftags&post=933"}],"curies":[{"name":"wp","href":"https:\/\/api.w.org\/{rel}","templated":true}]}}