{"id":9328,"date":"2025-02-09T08:05:32","date_gmt":"2025-02-09T12:05:32","guid":{"rendered":"https:\/\/agromt.news\/?p=9328"},"modified":"2025-02-09T08:05:32","modified_gmt":"2025-02-09T12:05:32","slug":"besouro-que-ataca-colmeias-em-mt-deixa-apicultores-em-alerta-saiba-o-que-fazer","status":"publish","type":"post","link":"https:\/\/agromt.news\/?p=9328","title":{"rendered":"Besouro que ataca colmeias em MT deixa apicultores em alerta; saiba o que fazer"},"content":{"rendered":"<p> <br \/>\n<\/p>\n<div>\n<p>O Instituto de Defesa Agropecu\u00e1ria de Mato Grosso (<a href=\"https:\/\/www.canalrural.com.br\/tag\/indea\/\">Indea<\/a>) emitiu na \u00faltima semana uma nota t\u00e9cnica na qual confirma o registro da primeira ocorr\u00eancia de\u00a0<em>Aethina tumida<\/em>, popularmente conhecido como o pequeno besouro das colmeias (PBC), em Mato Grosso. O inseto ataca as colmeias de abelhas e torna o mel impr\u00f3prio para consumo humano.<\/p>\n<p>A nota tamb\u00e9m orienta\u00a0as medidas sanit\u00e1rias que os produtores precisam adotar para proteger suas colmeias. No documento de n\u00famero 01\/2025, o Indea comunica que o caso foi detectado em um api\u00e1rio de Rondon\u00f3polis, ap\u00f3s os produtores acionarem o \u00f3rg\u00e3o.<\/p>\n<p>No processo de investiga\u00e7\u00e3o, ficou comprovado que havia a presen\u00e7a do PBC em tr\u00eas colmeias, ap\u00f3s an\u00e1lise das amostras pelo Laborat\u00f3rio Federal de Defesa Agropecu\u00e1ria (LFDA), do Minist\u00e9rio da Agricultura e Pecu\u00e1ria (Mapa), em Goi\u00e2nia.<\/p>\n<p>De acordo com o coordenador de Defesa Sanit\u00e1ria do Indea e m\u00e9dico veterin\u00e1rio Jo\u00e3o Marcelo N\u00e9spoli, as larvas do besouro s\u00e3o as maiores causadoras de danos, pois se alimentam das larvas das abelhas e do p\u00f3len, al\u00e9m de perfurar os favos de mel ao movimentarem-se, causando a fermenta\u00e7\u00e3o do mel e p\u00f3len, que se tornam impr\u00f3prios para consumo humano.<\/p>\n<\/div>\n<div>\n<figure class=\"wp-block-image\"><img decoding=\"async\" alt=\"\" src=\"https:\/\/agromt.news\/wp-content\/uploads\/2025\/02\/Besouro-que-ataca-colmeias-em-MT-deixa-apicultores-em-alerta.jpeg\"\/><img decoding=\"async\" src=\"https:\/\/agromt.news\/wp-content\/uploads\/2025\/02\/Besouro-que-ataca-colmeias-em-MT-deixa-apicultores-em-alerta.jpeg\" alt=\"\"\/><\/figure>\n<p>\u201cNossa equipe est\u00e1 trabalhando para o controle dessa praga, mas os apicultores precisam adotar as boas pr\u00e1ticas de preven\u00e7\u00e3o e controle, al\u00e9m de notificar a poss\u00edvel presen\u00e7a ao Indea\u201d, comenta N\u00e9spoli.<\/p>\n<h4 class=\"wp-block-heading\" id=\"h-medidas-sanitarias-sugeridas-pela-nota-tecnica\">Medidas sanit\u00e1rias sugeridas pela nota t\u00e9cnica: <\/h4>\n<ul class=\"wp-block-list\">\n<li>Cadastramento, ou a atualiza\u00e7\u00e3o do cadastro, da produ\u00e7\u00e3o junto ao Indea para se ter a dimens\u00e3o da a\u00e7\u00e3o efetiva de controle de pragas; <\/li>\n<li>Notificar o \u00f3rg\u00e3o em caso de suspeita da ocorr\u00eancia do Pequeno Besouro das Colmeias no api\u00e1rio e melipon\u00e1rios; <\/li>\n<li>Inspecionar regularmente as colmeias (ao abri-las, observar atentamente a tampa, as laterais, o fundo, as frestas, os quadros e os favos para detectar a presen\u00e7a do besouro); <\/li>\n<li>Raspar periodicamente o ac\u00famulo de pr\u00f3polis e de cera da tampa, das molduras dos quadros, das paredes e do fundo das colmeias, que podem servir de abrigo para o besouro e dentre outras orienta\u00e7\u00f5es na nota em anexo ao final da mat\u00e9ria.<\/li>\n<\/ul>\n<p>Em caso de suspeita, o Indea sugere que procure uma unidade mais pr\u00f3xima. A lista das unidades voc\u00ea confere\u00a0<a href=\"https:\/\/www.indea.mt.gov.br\/unid.-locais-de-execucao\">aqui<\/a>\u00a0ou pelo 0800-065-3015.<\/p>\n<p><em>*Sob supervis\u00e3o de Luis Roberto Toledo<\/em><\/p>\n<\/p><\/div>\n<p><br \/>\n<br \/><a href=\"https:\/\/www.canalrural.com.br\/agricultura\/besouro-que-ataca-colmeias-em-mt-deixa-apicultores-em-alerta\/\">Source link <\/a><\/p>\n","protected":false},"excerpt":{"rendered":"<p>O Instituto de Defesa Agropecu\u00e1ria de Mato Grosso (Indea) emitiu na \u00faltima semana uma nota t\u00e9cnica na qual confirma o<\/p>\n","protected":false},"author":1,"featured_media":9329,"comment_status":"open","ping_status":"open","sticky":false,"template":"","format":"standard","meta":{"_monsterinsights_skip_tracking":false,"_monsterinsights_sitenote_active":false,"_monsterinsights_sitenote_note":"","_monsterinsights_sitenote_category":0,"_uf_show_specific_survey":0,"_uf_disable_surveys":false,"footnotes":""},"categories":[1],"tags":[],"class_list":["post-9328","post","type-post","status-publish","format-standard","has-post-thumbnail","hentry","category-news"],"_links":{"self":[{"href":"https:\/\/agromt.news\/index.php?rest_route=\/wp\/v2\/posts\/9328"}],"collection":[{"href":"https:\/\/agromt.news\/index.php?rest_route=\/wp\/v2\/posts"}],"about":[{"href":"https:\/\/agromt.news\/index.php?rest_route=\/wp\/v2\/types\/post"}],"author":[{"embeddable":true,"href":"https:\/\/agromt.news\/index.php?rest_route=\/wp\/v2\/users\/1"}],"replies":[{"embeddable":true,"href":"https:\/\/agromt.news\/index.php?rest_route=%2Fwp%2Fv2%2Fcomments&post=9328"}],"version-history":[{"count":0,"href":"https:\/\/agromt.news\/index.php?rest_route=\/wp\/v2\/posts\/9328\/revisions"}],"wp:featuredmedia":[{"embeddable":true,"href":"https:\/\/agromt.news\/index.php?rest_route=\/wp\/v2\/media\/9329"}],"wp:attachment":[{"href":"https:\/\/agromt.news\/index.php?rest_route=%2Fwp%2Fv2%2Fmedia&parent=9328"}],"wp:term":[{"taxonomy":"category","embeddable":true,"href":"https:\/\/agromt.news\/index.php?rest_route=%2Fwp%2Fv2%2Fcategories&post=9328"},{"taxonomy":"post_tag","embeddable":true,"href":"https:\/\/agromt.news\/index.php?rest_route=%2Fwp%2Fv2%2Ftags&post=9328"}],"curies":[{"name":"wp","href":"https:\/\/api.w.org\/{rel}","templated":true}]}}