{"id":9326,"date":"2025-02-09T07:16:46","date_gmt":"2025-02-09T11:16:46","guid":{"rendered":"https:\/\/agromt.news\/?p=9326"},"modified":"2025-02-09T07:16:46","modified_gmt":"2025-02-09T11:16:46","slug":"baixas-do-acucar-perdem-forca-e-precos-ficam-proximos-da-estabilidade-no","status":"publish","type":"post","link":"https:\/\/agromt.news\/?p=9326","title":{"rendered":"Baixas do a\u00e7\u00facar perdem for\u00e7a e pre\u00e7os ficam pr\u00f3ximos da estabilidade no&#8230;"},"content":{"rendered":"<p> <br \/>\n<\/p>\n<div>\n<p><img decoding=\"async\" alt=\"Logotipo Not&#xED;cias Agr&#xED;colas\" height=\"21\" src=\"https:\/\/cdn.noticiasagricolas.com.br\/dbimagens\/e12363a00741f9cc7caf23469101a4aa.png\" width=\"106\"\/><\/p>\n<p>Os futuros do a\u00e7\u00facar abriram com baixas pr\u00f3ximas de 1% nas bolsas de Nova York e Londres nesta sexta-feira (03). Por\u00e9m, a redu\u00e7\u00e3o perdeu for\u00e7a ao longo do dia e as cota\u00e7\u00f5es estavam pr\u00f3ximas da estabilidade no in\u00edcio da tarde, com as varia\u00e7\u00f5es chegando a testar valores positivos em alguns momentos na ICE US.<\/p>\n<p>Pr\u00f3ximo \u00e0s 12h (hor\u00e1rio de Bras\u00edlia), em Nova York, o contrato mar\u00e7o\/25 era negociado a 19,68 cents\/lbp, uma redu\u00e7\u00e3o de 0,05 cents em rela\u00e7\u00e3o ao fechamento anterior. O maio\/25 recuava 0,05 cents, sendo cotado a 18,32 cents\/lbp, enquanto o julho\/25 ca\u00eda 0,07 cents, para 17,86 cents\/lbp. O outubro\/25 seguia a mesma tend\u00eancia, com queda de 0,06 cents, negociado a 17,81 cents\/lbp.<\/p>\n<p>Na Bolsa de Londres, o contrato mar\u00e7o\/25 estava em US$ 512,10 por tonelada, uma queda de US$ 0,90. O maio\/25 recuava US$ 2,30, para US$ 513,70 por tonelada, e o agosto\/25 tinha redu\u00e7\u00e3o de US$ 3,10, cotado a US$ 503,60 por tonelada. O outubro\/25 perdia US$ 2,40, sendo negociado a US$ 497,50 por tonelada.<\/p>\n<p>Com isso movimento, os pre\u00e7os do a\u00e7\u00facar perdem parte dos ganhos contabilizados na \u00faltima quinta-feira (02), que ultrapassaram 2% em NY e 1% em Londres. Conforme destacou o Barchart, sinais de menor produ\u00e7\u00e3o de a\u00e7\u00facar na \u00cdndia, o segundo maior produtor de a\u00e7\u00facar do mundo, desencadearam cobertura curta em futuros de a\u00e7\u00facar na quinta-feira, depois que a Indian Sugar and Bio-energy Manufacturers Association (ISM) relatou que a produ\u00e7\u00e3o de a\u00e7\u00facar da \u00cdndia de 2024\/25 de 1\u00ba de outubro a 31 de dezembro caiu -15,5% a\/a para 9,54 MMT.<\/p>\n<\/p><\/div>\n<p><script async defer src=\"https:\/\/connect.facebook.net\/en_US\/sdk.js\" type=\"f67966512d63ecbaf5625374-text\/javascript\"><\/script><script type=\"f67966512d63ecbaf5625374-text\/javascript\">\n  !function(f,b,e,v,n,t,s)\n  {if(f.fbq)return;n=f.fbq=function(){n.callMethod?\n    n.callMethod.apply(n,arguments):n.queue.push(arguments)};\n    if(!f._fbq)f._fbq=n;n.push=n;n.loaded=!0;n.version='2.0';\n    n.queue=[];t=b.createElement(e);t.async=!0;\n    t.src=v;s=b.getElementsByTagName(e)[0];\n    s.parentNode.insertBefore(t,s)}(window, document,'script',\n    'https:\/\/connect.facebook.net\/en_US\/fbevents.js');\n  fbq('init', '153495679422335');\n  fbq('track', 'PageView');\n<\/script><br \/>\n<br \/><br \/>\n<br \/><a href=\"https:\/\/www.noticiasagricolas.com.br\/noticias\/sucroenergetico\/391599-baixas-do-acucar-perdem-forca-e-precos-ficam-proximos-da-estabilidade-no-inicio-da-tarde.html\">Source link <\/a><\/p>\n","protected":false},"excerpt":{"rendered":"<p>Os futuros do a\u00e7\u00facar abriram com baixas pr\u00f3ximas de 1% nas bolsas de Nova York e Londres nesta sexta-feira (03).<\/p>\n","protected":false},"author":1,"featured_media":9327,"comment_status":"open","ping_status":"open","sticky":false,"template":"","format":"standard","meta":{"_monsterinsights_skip_tracking":false,"_monsterinsights_sitenote_active":false,"_monsterinsights_sitenote_note":"","_monsterinsights_sitenote_category":0,"_uf_show_specific_survey":0,"_uf_disable_surveys":false,"footnotes":""},"categories":[8,1,14,16],"tags":[],"class_list":["post-9326","post","type-post","status-publish","format-standard","has-post-thumbnail","hentry","category-agro","category-news","category-politica-agro","category-safra"],"_links":{"self":[{"href":"https:\/\/agromt.news\/index.php?rest_route=\/wp\/v2\/posts\/9326"}],"collection":[{"href":"https:\/\/agromt.news\/index.php?rest_route=\/wp\/v2\/posts"}],"about":[{"href":"https:\/\/agromt.news\/index.php?rest_route=\/wp\/v2\/types\/post"}],"author":[{"embeddable":true,"href":"https:\/\/agromt.news\/index.php?rest_route=\/wp\/v2\/users\/1"}],"replies":[{"embeddable":true,"href":"https:\/\/agromt.news\/index.php?rest_route=%2Fwp%2Fv2%2Fcomments&post=9326"}],"version-history":[{"count":0,"href":"https:\/\/agromt.news\/index.php?rest_route=\/wp\/v2\/posts\/9326\/revisions"}],"wp:featuredmedia":[{"embeddable":true,"href":"https:\/\/agromt.news\/index.php?rest_route=\/wp\/v2\/media\/9327"}],"wp:attachment":[{"href":"https:\/\/agromt.news\/index.php?rest_route=%2Fwp%2Fv2%2Fmedia&parent=9326"}],"wp:term":[{"taxonomy":"category","embeddable":true,"href":"https:\/\/agromt.news\/index.php?rest_route=%2Fwp%2Fv2%2Fcategories&post=9326"},{"taxonomy":"post_tag","embeddable":true,"href":"https:\/\/agromt.news\/index.php?rest_route=%2Fwp%2Fv2%2Ftags&post=9326"}],"curies":[{"name":"wp","href":"https:\/\/api.w.org\/{rel}","templated":true}]}}