{"id":9295,"date":"2025-02-08T11:09:46","date_gmt":"2025-02-08T15:09:46","guid":{"rendered":"https:\/\/agromt.news\/?p=9295"},"modified":"2025-02-08T11:09:46","modified_gmt":"2025-02-08T15:09:46","slug":"programa-agroamigo-completa-20-anos","status":"publish","type":"post","link":"https:\/\/agromt.news\/?p=9295","title":{"rendered":"Programa Agroamigo completa 20 anos"},"content":{"rendered":"<p> <br \/>\n<br \/><img decoding=\"async\" src=\"https:\/\/agromt.news\/wp-content\/uploads\/2025\/02\/Programa-Agroamigo-completa-20-anos.jpg\" \/><\/p>\n<div>\n<p>O Programa de Microfinan\u00e7a Rural do Banco do Nordeste atende milhares de agricultores e agricultoras familiares, enquadrados no <strong><a href=\"https:\/\/www.canalrural.com.br\/tag\/pronaf\/\">Programa Nacional de Fortalecimento da Agricultura Familiar (Pronaf)<\/a><\/strong>.<\/p>\n<p>Desde sua cria\u00e7\u00e3o, o Agroamigo aplicou mais de R$ 41,7 bilh\u00f5es, compreendendo 8,1 milh\u00f5es de opera\u00e7\u00f5es contratadas. A iniciativa possui uma carteira ativa de R$ 13,2 bilh\u00f5es, com mais de 1,3 milh\u00e3o de clientes ativos.<\/p>\n<p>Para comemorar esses resultados, uma solenidade foi realizada, nesta sexta-feira (7), em uma das unidades do banco em Teresina (PI). O evento contou com a participa\u00e7\u00e3o do ministro do Desenvolvimento e Assist\u00eancia Social, Fam\u00edlia e Combate \u00e0 Fome (MDS), Wellington Dias, o presidente da institui\u00e7\u00e3o financeira, Paulo C\u00e2mara, e do governador do Piau\u00ed, Rafael Fonteles (PT).<\/p>\n<p>Na ocasi\u00e3o, o ministro destacou os avan\u00e7os da economia no pa\u00eds, com foco no setor rural, onde o Agroamigo atua, citando a parceria com o MDS. \u201cIsso \u00e9 poss\u00edvel a partir da integra\u00e7\u00e3o do social com o econ\u00f4mico. O social como parte do desenvolvimento econ\u00f4mico, no Piau\u00ed, no Nordeste e no Brasil\u201d, pontuou.<\/p>\n<\/div>\n<div>\n<p>O titular da pasta relembrou os mais de 24 milh\u00f5es de brasileiros que sa\u00edram da inseguran\u00e7a alimentar em 2023, segundo estudo divulgado pelo Instituto Brasileiro de Geografia e Estat\u00edstica (IBGE).<\/p>\n<p>O presidente do banco, Paulo C\u00e2mara, falou sobre a import\u00e2ncia e os benef\u00edcios do programa. \u201cD\u00e1 destaque \u00e0 agricultura familiar e tem n\u00fameros impactantes, est\u00e1 fazendo diferen\u00e7a na vida das pessoas\u201d, afirmou.<\/p>\n<p>O governador do Piau\u00ed, Rafael Fonteles, enalteceu os resultados do projeto. \u201cEstamos aqui para comemorar os 20 anos desse programa essencial. Em 2024, houve cerca de R$ 1 bilh\u00e3o em cr\u00e9dito subsidiado para a agricultura familiar, com mais de 90 mil opera\u00e7\u00f5es realizadas\u201d, celebrou.<\/p>\n<p>*Com informa\u00e7\u00f5es do Minist\u00e9rio do Desenvolvimento e Assist\u00eancia Social, Fam\u00edlia e Combate \u00e0 Fome<\/p>\n<\/p><\/div>\n<p><br \/>\n<br \/><a href=\"https:\/\/www.canalrural.com.br\/agricultura\/programa-agroamigo-completa-20-anos\/\">Source link <\/a><\/p>\n","protected":false},"excerpt":{"rendered":"<p>O Programa de Microfinan\u00e7a Rural do Banco do Nordeste atende milhares de agricultores e agricultoras familiares, enquadrados no Programa Nacional<\/p>\n","protected":false},"author":1,"featured_media":9296,"comment_status":"open","ping_status":"open","sticky":false,"template":"","format":"standard","meta":{"_monsterinsights_skip_tracking":false,"_monsterinsights_sitenote_active":false,"_monsterinsights_sitenote_note":"","_monsterinsights_sitenote_category":0,"_uf_show_specific_survey":0,"_uf_disable_surveys":false,"footnotes":""},"categories":[1],"tags":[],"class_list":["post-9295","post","type-post","status-publish","format-standard","has-post-thumbnail","hentry","category-news"],"_links":{"self":[{"href":"https:\/\/agromt.news\/index.php?rest_route=\/wp\/v2\/posts\/9295"}],"collection":[{"href":"https:\/\/agromt.news\/index.php?rest_route=\/wp\/v2\/posts"}],"about":[{"href":"https:\/\/agromt.news\/index.php?rest_route=\/wp\/v2\/types\/post"}],"author":[{"embeddable":true,"href":"https:\/\/agromt.news\/index.php?rest_route=\/wp\/v2\/users\/1"}],"replies":[{"embeddable":true,"href":"https:\/\/agromt.news\/index.php?rest_route=%2Fwp%2Fv2%2Fcomments&post=9295"}],"version-history":[{"count":0,"href":"https:\/\/agromt.news\/index.php?rest_route=\/wp\/v2\/posts\/9295\/revisions"}],"wp:featuredmedia":[{"embeddable":true,"href":"https:\/\/agromt.news\/index.php?rest_route=\/wp\/v2\/media\/9296"}],"wp:attachment":[{"href":"https:\/\/agromt.news\/index.php?rest_route=%2Fwp%2Fv2%2Fmedia&parent=9295"}],"wp:term":[{"taxonomy":"category","embeddable":true,"href":"https:\/\/agromt.news\/index.php?rest_route=%2Fwp%2Fv2%2Fcategories&post=9295"},{"taxonomy":"post_tag","embeddable":true,"href":"https:\/\/agromt.news\/index.php?rest_route=%2Fwp%2Fv2%2Ftags&post=9295"}],"curies":[{"name":"wp","href":"https:\/\/api.w.org\/{rel}","templated":true}]}}