{"id":9292,"date":"2025-02-08T10:49:43","date_gmt":"2025-02-08T14:49:43","guid":{"rendered":"https:\/\/agromt.news\/?p=9292"},"modified":"2025-02-08T10:49:43","modified_gmt":"2025-02-08T14:49:43","slug":"clima-quente-acelera-maturacao-da-uva","status":"publish","type":"post","link":"https:\/\/agromt.news\/?p=9292","title":{"rendered":"Clima quente acelera matura\u00e7\u00e3o da uva"},"content":{"rendered":"<p> <br \/>\n<\/p>\n<div>\n<div class=\"row\">\n<div class=\"col-lg col-infos mt-3 mt-lg-0\">\n<div class=\"section-sub-title\">\n<p itemprop=\"description\">&#13;<br \/>\n                                Colheita da uva Bord\u00f4 se aproxima do fim no RS&#13;\n                            <\/p>\n<\/p><\/div>\n<div class=\"container\">\n<div class=\"row\">\n<div class=\"col-lg p-0\">\n<div>\n<div class=\"block-news-main-infos mt-3 text-start\">\n<p>                                            <strong class=\"fn\" itemprop=\"author\" style=\"color: rgb(112, 112, 112); \">&#13;<br \/>\n                                                <a href=\"https:\/\/www.agrolink.com.br\/noticias\/javascript:;\" class=\"text-uppercase\" target=\"_blank\" style=\"color: rgb(112, 112, 112); \" rel=\"noopener\">Agrolink<\/a>&#13;<br \/>\n&#13;<br \/>\n                                                    &#8211; Seane Lennon&#13;<br \/>\n&#13;<br \/>\n                                            <\/strong><br \/>\n                                        <\/p>\n<p>                                            <abbr><time datetime=\"2025-02-07T18:36\" itemprop=\"datePublished dateModified\">Publicado em 07\/02\/2025 \u00e0s 18:36h.<\/time><\/abbr><br \/>\n                                            <\/p><\/div>\n<\/p><\/div>\n<\/p><\/div>\n<div class=\"col-lg p-0 text-lg-end\">\n<div>\n<div id=\"mdEnviarPagina\" class=\"modal fade\" role=\"dialog\">\n<div class=\"modal-dialog\">\n<div class=\"modal-content\">\n<div class=\"modal-body\">\n<p><strong>Estimado usu\u00e1rio.<\/strong><br \/>Preencha o formul\u00e1rio abaixo para remeter a p\u00e1gina.<\/p>\n<\/p><\/div>\n<\/p><\/div>\n<\/p><\/div>\n<\/div><\/div>\n<\/p><\/div>\n<\/p><\/div>\n<\/p><\/div>\n<\/p><\/div>\n<\/p><\/div>\n<div class=\"row justify-content-md-center mt-3\">\n<div class=\"col-lg-auto col-image  block-news-main-image d-none d-md-block\">\n<p>                                <img decoding=\"async\" src=\"https:\/\/www.agrolink.com.br\/upload\/imagens-resizes\/04bbda0757ba4e10af8e516549a088b8_858x483.jpg\" class=\"lazyload \"\/><br \/>\n                                                <span class=\"publicity-photo d-block mt-1\">Foto: Divulga\u00e7\u00e3o<\/span><\/p><\/div>\n<\/p><\/div>\n<div class=\"section-description section-description-noticias mt-3\">\n<p style=\"text-align:justify\">Segundo dados do\u00a0Informativo Conjuntural da Emater\/RS-Ascar divulgado nesta quinta-feira (6), a\u00a0colheita da <a href=\"https:\/\/www.agrolink.com.br\/culturas\/uva?utm_source=agrolink-detalhe-noticia&amp;utm_medium=detalhe-noticia&amp;utm_campaign=links-internos\" target=\"_blank\" rel=\"noopener\">uva<\/a>\u00a0segue avan\u00e7ando no Rio Grande do Sul. Em Quara\u00ed, na regi\u00e3o administrativa de Bag\u00e9, a colheita j\u00e1 atingiu 40% dos 75 hectares cultivados.<\/p>\n<p style=\"text-align:justify\">Na Serra Ga\u00facha, o clima dos \u00faltimos dias \u2013 com chuvas, ventos e redu\u00e7\u00e3o da radia\u00e7\u00e3o solar \u2013 dificultou a matura\u00e7\u00e3o dos frutos e a sanidade das plantas. No entanto, a colheita j\u00e1 ultrapassou metade do volume previsto. A variedade Bord\u00f4 est\u00e1 pr\u00f3xima da finaliza\u00e7\u00e3o, enquanto a Isabella come\u00e7ou a ser colhida devido ao amadurecimento acelerado. Se o ritmo for mantido, a colheita deve terminar at\u00e9 o fim de fevereiro.&#13;\n<\/p>\n<p style=\"text-align:justify\">O processo tem sido fortemente mecanizado, reduzindo a depend\u00eancia de m\u00e3o de obra. No entanto, alguns produtores entregaram a safra para a ind\u00fastria sem defini\u00e7\u00e3o de pre\u00e7o ou prazo de pagamento. A cota\u00e7\u00e3o da Ni\u00e1gara Rosada apresentou sinais de recupera\u00e7\u00e3o, com pre\u00e7o m\u00e9dio de R$ 3,80\/kg, enquanto as uvas finas variam entre R$ 8,00 e R$ 12,00\/kg.&#13;\n<\/p>\n<p style=\"text-align:justify\">Na regi\u00e3o de Erechim, os frutos apresentam \u00f3tima qualidade, e muitos vitivinicultores t\u00eam buscado uvas da Serra Ga\u00facha para vinifica\u00e7\u00e3o, sucos e consumo in natura. A regi\u00e3o \u00e9 respons\u00e1vel por aproximadamente 40% da produ\u00e7\u00e3o consumida.<\/p>\n<p style=\"text-align:justify\">J\u00e1 em Santa Maria, o clima seco e quente adiantou o ciclo da cultura, fazendo com que os cachos amadurecessem at\u00e9 20 dias antes do esperado. Al\u00e9m disso, as uvas est\u00e3o com alto teor de a\u00e7\u00facar, o que pode impactar a qualidade dos vinhos e sucos produzidos.&#13;\n<\/p>\n<\/p><\/div>\n<\/p><\/div>\n<p><script data-cfasync=\"false\">\n    !function (f, b, e, v, n, t, s) {\n        if (f.fbq) return; n = f.fbq = function () {\n            n.callMethod ?\n                n.callMethod.apply(n, arguments) : n.queue.push(arguments)\n        };\n        if (!f._fbq) f._fbq = n; n.push = n; n.loaded = !0; n.version = '2.0';\n        n.queue = []; t = b.createElement(e); t.async = !0;\n        t.src = v; s = b.getElementsByTagName(e)[0];\n        s.parentNode.insertBefore(t, s)\n    }(window, document, 'script',\n        'https:\/\/connect.facebook.net\/en_US\/fbevents.js');\n    fbq('init', '522546078623747');\n    fbq('track', 'PageView');\n<\/script><br \/>\n<br \/><br \/>\n<br \/><a href=\"https:\/\/www.agrolink.com.br\/noticias\/clima-quente-acelera-maturacao-da-uva_499155.html\">Source link <\/a><\/p>\n","protected":false},"excerpt":{"rendered":"<p>&#13; Colheita da uva Bord\u00f4 se aproxima do fim no RS&#13; &#13; Agrolink&#13; &#13; &#8211; Seane Lennon&#13; &#13; Publicado em<\/p>\n","protected":false},"author":1,"featured_media":2444,"comment_status":"open","ping_status":"open","sticky":false,"template":"","format":"standard","meta":{"_monsterinsights_skip_tracking":false,"_monsterinsights_sitenote_active":false,"_monsterinsights_sitenote_note":"","_monsterinsights_sitenote_category":0,"_uf_show_specific_survey":0,"_uf_disable_surveys":false,"footnotes":""},"categories":[8,1,14],"tags":[],"class_list":["post-9292","post","type-post","status-publish","format-standard","has-post-thumbnail","hentry","category-agro","category-news","category-politica-agro"],"_links":{"self":[{"href":"https:\/\/agromt.news\/index.php?rest_route=\/wp\/v2\/posts\/9292"}],"collection":[{"href":"https:\/\/agromt.news\/index.php?rest_route=\/wp\/v2\/posts"}],"about":[{"href":"https:\/\/agromt.news\/index.php?rest_route=\/wp\/v2\/types\/post"}],"author":[{"embeddable":true,"href":"https:\/\/agromt.news\/index.php?rest_route=\/wp\/v2\/users\/1"}],"replies":[{"embeddable":true,"href":"https:\/\/agromt.news\/index.php?rest_route=%2Fwp%2Fv2%2Fcomments&post=9292"}],"version-history":[{"count":0,"href":"https:\/\/agromt.news\/index.php?rest_route=\/wp\/v2\/posts\/9292\/revisions"}],"wp:featuredmedia":[{"embeddable":true,"href":"https:\/\/agromt.news\/index.php?rest_route=\/wp\/v2\/media\/2444"}],"wp:attachment":[{"href":"https:\/\/agromt.news\/index.php?rest_route=%2Fwp%2Fv2%2Fmedia&parent=9292"}],"wp:term":[{"taxonomy":"category","embeddable":true,"href":"https:\/\/agromt.news\/index.php?rest_route=%2Fwp%2Fv2%2Fcategories&post=9292"},{"taxonomy":"post_tag","embeddable":true,"href":"https:\/\/agromt.news\/index.php?rest_route=%2Fwp%2Fv2%2Ftags&post=9292"}],"curies":[{"name":"wp","href":"https:\/\/api.w.org\/{rel}","templated":true}]}}