{"id":927,"date":"2024-08-29T19:34:06","date_gmt":"2024-08-29T23:34:06","guid":{"rendered":"https:\/\/agromt.news\/?p=927"},"modified":"2024-08-29T19:34:06","modified_gmt":"2024-08-29T23:34:06","slug":"congresso-aprova-projeto-para-desnegativar-empresas-e-pessoas-fisicas-do-rio-grande-do-sul","status":"publish","type":"post","link":"https:\/\/agromt.news\/?p=927","title":{"rendered":"Congresso aprova projeto para &#8216;desnegativar&#8217; empresas e pessoas f\u00edsicas do Rio Grande do Sul"},"content":{"rendered":"<p> <br \/>\n<\/p>\n<div>\n<p>O Congresso Nacional aprovou em sess\u00e3o conjunta nesta quinta-feira (29), um projeto de lei que prev\u00ea a facilita\u00e7\u00e3o ao cr\u00e9dito para os atingidos pelas enchentes no <strong><a href=\"https:\/\/www.canalrural.com.br\/nacional\/rio-grande-do-sul\/\">Rio Grande do Sul<\/a><\/strong>. <\/p>\n<p>A mat\u00e9ria, que foi aprovada de forma simb\u00f3lica, altera a Lei Or\u00e7ament\u00e1ria de 2024 (LDO) e vai \u00e0 san\u00e7\u00e3o do presidente Luiz In\u00e1cio Lula da Silva.<\/p>\n<p>O texto institui a ado\u00e7\u00e3o de medidas excepcionais para a retomada de atividades produtivas, com a dispensa \u00e0s ag\u00eancias financeiras oficiais de fomento de observar impedimentos e restri\u00e7\u00f5es legais para o acesso ao cr\u00e9dito de pessoas f\u00edsicas e jur\u00eddicas, com resid\u00eancia, domic\u00edlio, sede ou estabelecimento nos munic\u00edpios atingidos pela calamidade no territ\u00f3rio ga\u00facho.<\/p>\n<\/div>\n<div>\n<h2 class=\"wp-block-heading\" id=\"h-como-sera-a-desnegativacao\">Como ser\u00e1 a \u2018desnegativa\u00e7\u00e3o\u2019?<\/h2>\n<p>Na pr\u00e1tica, o projeto aprovado pelo Congresso prop\u00f5e o que os ministros do governo v\u00eam chamando de \u201cdesnegativa\u00e7\u00e3o\u201d. <\/p>\n<p>Ind\u00fastrias, agroind\u00fastrias e produtores do Rio Grande do Sul t\u00eam relatado ao Executivo dificuldades no acesso \u00e0s linhas de cr\u00e9dito e \u00e0s renegocia\u00e7\u00f5es das d\u00edvidas em virtude das restri\u00e7\u00f5es anteriores junto a bureaus de cr\u00e9dito, como o Serasa.<\/p>\n<p>O projeto tamb\u00e9m disp\u00f5e sobre o afastamento da regularidade ao <strong><a href=\"https:\/\/www.caixa.gov.br\/beneficios-trabalhador\/fgts\/Paginas\/default.aspx\">FGTS<\/a><\/strong>, aplicado exclusivamente aos d\u00e9bitos gerados ap\u00f3s 1\u00ba de abril deste ano, ou seja, ap\u00f3s o in\u00edcio do extremo clim\u00e1tico no estado.<\/p>\n<p>Na justificativa do projeto ao presidente Luiz In\u00e1cio Lula da Silva, a ministra do Planejamento e Or\u00e7amento, Simone Tebet, alegou que a calamidade p\u00fablica do Rio Grande do Sul teve \u201cimpacto relevante\u201d sobre as condi\u00e7\u00f5es socioecon\u00f4micas de pessoas f\u00edsicas e jur\u00eddicas. <\/p>\n<p>\u201cMotivo pelo qual requer medidas urgentes e excepcionais que viabilizem, em particular, o acesso a cr\u00e9dito para a retomada das atividades produtivas.<\/p>\n<h2 class=\"wp-block-heading\" id=\"h-ministros-e-fpa-defendem-medida\">Ministros e FPA defendem medida<\/h2>\n<figure class=\"wp-block-image size-large\"><img fetchpriority=\"high\" decoding=\"async\" width=\"640\" height=\"383\" src=\"https:\/\/agromt.news\/wp-content\/uploads\/2024\/08\/Congresso-aprova-projeto-para-desnegativar-empresas-e-pessoas-fisicas-do.jpg\" alt=\"Senado - C\u00e2mara -Legisla\u00e7\u00e3o - Congresso , sess\u00e3o do marco temporal\" class=\"wp-image-2944566\"  \/><figcaption class=\"wp-element-caption\">Foto: Fabio Rodrigues Pozzebom\/Ag\u00eancia Brasil<\/figcaption><\/figure>\n<p>Os ministros Paulo Pimenta, da Secretaria Extraordin\u00e1ria da Presid\u00eancia da Rep\u00fablica para Apoio \u00e0 Reconstru\u00e7\u00e3o do Rio Grande do Sul, e Carlos F\u00e1varo, da Agricultura, vinham defendendo a medida para assegurar que pessoas f\u00edsicas e empres\u00e1rios negativados junto ao sistema financeiro possam ter acesso \u00e0s linhas de cr\u00e9dito para recupera\u00e7\u00e3o do estado e para repactua\u00e7\u00e3o das d\u00edvidas.<\/p>\n<p>A Frente Parlamentar da Agropecu\u00e1ria (FPA) tamb\u00e9m articulou pela aprova\u00e7\u00e3o do projeto.<\/p>\n<\/div>\n<p><br \/>\n<br \/><a href=\"https:\/\/www.canalrural.com.br\/economia\/congresso-aprova-projeto-para-desnegativar-empresas-e-pessoas-fisicas-do-rio-grande-do-sul\/\">Source link <\/a><\/p>\n","protected":false},"excerpt":{"rendered":"<p>O Congresso Nacional aprovou em sess\u00e3o conjunta nesta quinta-feira (29), um projeto de lei que prev\u00ea a facilita\u00e7\u00e3o ao cr\u00e9dito<\/p>\n","protected":false},"author":1,"featured_media":928,"comment_status":"open","ping_status":"open","sticky":false,"template":"","format":"standard","meta":{"_monsterinsights_skip_tracking":false,"_monsterinsights_sitenote_active":false,"_monsterinsights_sitenote_note":"","_monsterinsights_sitenote_category":0,"_uf_show_specific_survey":0,"_uf_disable_surveys":false,"footnotes":""},"categories":[1],"tags":[],"class_list":["post-927","post","type-post","status-publish","format-standard","has-post-thumbnail","hentry","category-news"],"_links":{"self":[{"href":"https:\/\/agromt.news\/index.php?rest_route=\/wp\/v2\/posts\/927"}],"collection":[{"href":"https:\/\/agromt.news\/index.php?rest_route=\/wp\/v2\/posts"}],"about":[{"href":"https:\/\/agromt.news\/index.php?rest_route=\/wp\/v2\/types\/post"}],"author":[{"embeddable":true,"href":"https:\/\/agromt.news\/index.php?rest_route=\/wp\/v2\/users\/1"}],"replies":[{"embeddable":true,"href":"https:\/\/agromt.news\/index.php?rest_route=%2Fwp%2Fv2%2Fcomments&post=927"}],"version-history":[{"count":0,"href":"https:\/\/agromt.news\/index.php?rest_route=\/wp\/v2\/posts\/927\/revisions"}],"wp:featuredmedia":[{"embeddable":true,"href":"https:\/\/agromt.news\/index.php?rest_route=\/wp\/v2\/media\/928"}],"wp:attachment":[{"href":"https:\/\/agromt.news\/index.php?rest_route=%2Fwp%2Fv2%2Fmedia&parent=927"}],"wp:term":[{"taxonomy":"category","embeddable":true,"href":"https:\/\/agromt.news\/index.php?rest_route=%2Fwp%2Fv2%2Fcategories&post=927"},{"taxonomy":"post_tag","embeddable":true,"href":"https:\/\/agromt.news\/index.php?rest_route=%2Fwp%2Fv2%2Ftags&post=927"}],"curies":[{"name":"wp","href":"https:\/\/api.w.org\/{rel}","templated":true}]}}