{"id":9251,"date":"2025-02-07T12:28:46","date_gmt":"2025-02-07T16:28:46","guid":{"rendered":"https:\/\/agromt.news\/?p=9251"},"modified":"2025-02-07T12:28:46","modified_gmt":"2025-02-07T16:28:46","slug":"e-preciso-agir-com-responsabilidade-fiscal-para-baixar-os-precos-dos-alimentos","status":"publish","type":"post","link":"https:\/\/agromt.news\/?p=9251","title":{"rendered":"\u00e9 preciso agir com responsabilidade fiscal para baixar os pre\u00e7os dos alimentos"},"content":{"rendered":"<p> <br \/>\n<br \/><img decoding=\"async\" src=\"https:\/\/agromt.news\/wp-content\/uploads\/2025\/02\/e-preciso-agir-com-responsabilidade-fiscal-para-baixar-os-precos.jpg\" \/><\/p>\n<div>\n<p>O <strong><a href=\"https:\/\/www.canalrural.com.br\/tag\/hugomotta\/\">presidente da C\u00e2mara dos Deputados, Hugo Motta (Republicanos-PB)<\/a><\/strong>, afirmou que a situa\u00e7\u00e3o atual dos pre\u00e7os dos alimentos n\u00e3o tem solu\u00e7\u00f5es f\u00e1ceis e requer decis\u00f5es do governo que passam pela quest\u00e3o fiscal. Segundo Motta, n\u00e3o d\u00e1 para enfrentar a alta dos pre\u00e7os com medidas superficiais.<\/p>\n<p>Para o presidente, \u00e9 necess\u00e1ria uma mudan\u00e7a de rumo na economia e foco na responsabilidade fiscal, com corte de despesas. Motta deu uma entrevista coletiva nesta sexta-feira, ap\u00f3s uma solenidade no munic\u00edpio de Conde (PB).<\/p>\n<blockquote class=\"wp-block-quote is-layout-flow wp-block-quote-is-layout-flow\">\n<p>\u201cO que est\u00e1 acontecendo com os alimentos? Voc\u00ea est\u00e1 tendo a alta [dos pre\u00e7os] porque estamos com toda uma vincula\u00e7\u00e3o \u00e0 pol\u00edtica internacional, como a alta do d\u00f3lar e outros fatores que afetam os pre\u00e7os\u201d, explicou Motta.<\/p>\n<\/blockquote>\n<p>\u201c[Isso] passa por uma quest\u00e3o fiscal do pa\u00eds. Medidas superficiais n\u00e3o trazem const\u00e2ncia a m\u00e9dio e longo prazo. \u00c9 necess\u00e1ria uma mudan\u00e7a de rumo na economia e responsabilidade para discutir corte de gastos. S\u00f3 isso vai resolver\u201d, afirmou.<\/p>\n<h2 class=\"wp-block-heading\" id=\"h-prioridade-da-camara\">Prioridade da C\u00e2mara<\/h2>\n<p>Motta voltou a defender a pauta econ\u00f4mica como uma agenda priorit\u00e1ria da Casa. Ele reafirmou a disposi\u00e7\u00e3o dos parlamentares de colaborar com o momento econ\u00f4mico de alta nas taxas de juros e d\u00f3lar alto.<\/p>\n<\/div>\n<div>\n<p>\u201cA maioria da popula\u00e7\u00e3o sofre quando o cen\u00e1rio econ\u00f4mico n\u00e3o est\u00e1 favor\u00e1vel, quando temos a infla\u00e7\u00e3o corroendo nossas moedas. Isso \u00e9 grave e preocupante\u201d, disse o presidente da C\u00e2mara.<\/p>\n<blockquote class=\"wp-block-quote is-layout-flow wp-block-quote-is-layout-flow\">\n<p>\u201cTemos um papel fundamental para ajudar a resolver essa situa\u00e7\u00e3o. O pa\u00eds depende de nossa harmonia e pacifica\u00e7\u00e3o para que os problemas da economia sejam resolvido.\u201d<\/p>\n<\/blockquote>\n<h2 class=\"wp-block-heading\" id=\"h-semipresidencialismo\">Semipresidencialismo<\/h2>\n<p>Hugo Motta tamb\u00e9m afirmou que a discuss\u00e3o sobre o semipresidencialismo \u00e9 um papel do Parlamento para melhorar a efici\u00eancia do governo, mas n\u00e3o h\u00e1 pressa no tema. Segundo ele, n\u00e3o h\u00e1 compromisso de pautar a proposta de forma urgente. \u201cVamos discutir essa mat\u00e9ria\u201d, afirmou.<\/p>\n<p>\u201c\u00c9 papel do Parlamento discutir modelos de governo e formas de melhorar o sistema eleitoral\u201d, disse.<\/p>\n<p>Ontem foi protocolada na C\u00e2mara a Proposta de Emenda \u00e0 Constitui\u00e7\u00e3o (PEC) 2\/25, que institui o semipresidencialismo e o voto distrital misto no Brasil a partir de 2030.<\/p>\n<p>Em reuni\u00e3o de l\u00edderes na quarta-feira (5), Motta sinalizou aos parlamentares a cria\u00e7\u00e3o de uma comiss\u00e3o para debater uma proposta de reforma eleitoral para instituir o voto distrital misto. N\u00e3o h\u00e1 prazo nem calend\u00e1rio definido para instala\u00e7\u00e3o desse colegiado.<\/p>\n<\/p><\/div>\n<p><br \/>\n<br \/><a href=\"https:\/\/www.canalrural.com.br\/politica\/hugo-motta-e-preciso-agir-com-responsabilidade-fiscal-para-baixar-os-precos-dos-alimentos\/\">Source link <\/a><\/p>\n","protected":false},"excerpt":{"rendered":"<p>O presidente da C\u00e2mara dos Deputados, Hugo Motta (Republicanos-PB), afirmou que a situa\u00e7\u00e3o atual dos pre\u00e7os dos alimentos n\u00e3o tem<\/p>\n","protected":false},"author":1,"featured_media":9252,"comment_status":"open","ping_status":"open","sticky":false,"template":"","format":"standard","meta":{"_monsterinsights_skip_tracking":false,"_monsterinsights_sitenote_active":false,"_monsterinsights_sitenote_note":"","_monsterinsights_sitenote_category":0,"_uf_show_specific_survey":0,"_uf_disable_surveys":false,"footnotes":""},"categories":[1],"tags":[],"class_list":["post-9251","post","type-post","status-publish","format-standard","has-post-thumbnail","hentry","category-news"],"_links":{"self":[{"href":"https:\/\/agromt.news\/index.php?rest_route=\/wp\/v2\/posts\/9251"}],"collection":[{"href":"https:\/\/agromt.news\/index.php?rest_route=\/wp\/v2\/posts"}],"about":[{"href":"https:\/\/agromt.news\/index.php?rest_route=\/wp\/v2\/types\/post"}],"author":[{"embeddable":true,"href":"https:\/\/agromt.news\/index.php?rest_route=\/wp\/v2\/users\/1"}],"replies":[{"embeddable":true,"href":"https:\/\/agromt.news\/index.php?rest_route=%2Fwp%2Fv2%2Fcomments&post=9251"}],"version-history":[{"count":0,"href":"https:\/\/agromt.news\/index.php?rest_route=\/wp\/v2\/posts\/9251\/revisions"}],"wp:featuredmedia":[{"embeddable":true,"href":"https:\/\/agromt.news\/index.php?rest_route=\/wp\/v2\/media\/9252"}],"wp:attachment":[{"href":"https:\/\/agromt.news\/index.php?rest_route=%2Fwp%2Fv2%2Fmedia&parent=9251"}],"wp:term":[{"taxonomy":"category","embeddable":true,"href":"https:\/\/agromt.news\/index.php?rest_route=%2Fwp%2Fv2%2Fcategories&post=9251"},{"taxonomy":"post_tag","embeddable":true,"href":"https:\/\/agromt.news\/index.php?rest_route=%2Fwp%2Fv2%2Ftags&post=9251"}],"curies":[{"name":"wp","href":"https:\/\/api.w.org\/{rel}","templated":true}]}}