{"id":925,"date":"2024-08-29T19:08:41","date_gmt":"2024-08-29T23:08:41","guid":{"rendered":"https:\/\/agromt.news\/?p=925"},"modified":"2024-08-29T19:08:41","modified_gmt":"2024-08-29T23:08:41","slug":"bombeiros-controlam-grande-incendio-na-zona-rural-de-palmas","status":"publish","type":"post","link":"https:\/\/agromt.news\/?p=925","title":{"rendered":"Bombeiros controlam grande inc\u00eandio na zona rural de Palmas"},"content":{"rendered":"<p> <br \/>\n<\/p>\n<div>\n<p>Na tarde desta quarta-feira (28), o Corpo de Bombeiros Militar do Tocantins (CBMTO) foi acionado para o combate de um inc\u00eandio de grandes propor\u00e7\u00f5es no distrito de Buritirana, localizado na zona rural de Palmas (TO).<\/p>\n<p>Tamb\u00e9m participaram da ocorr\u00eancia duas equipes da Defesa Civil Municipal da Capital. Os ventos fortes que assolam a regi\u00e3o ajudaram a espalhar as chamas, o que dificultou o trabalho dos bombeiros militares e dos brigadistas no combate. Contudo, a situa\u00e7\u00e3o foi controlada. <\/p>\n<p>De acordo com o Corpo de Bombeiros, <strong>dois moradores da regi\u00e3o<\/strong> que tentaram apagar \u00e0s chamas ficaram feridos. Eles n\u00e3o utilizavam equipamentos e treinamentos necess\u00e1rios.<\/p>\n<\/div>\n<div>\n<figure class=\"wp-block-image size-full\"><img fetchpriority=\"high\" fetchpriority=\"high\" decoding=\"async\" width=\"753\" height=\"465\" src=\"https:\/\/agromt.news\/wp-content\/uploads\/2024\/08\/Bombeiros-controlam-grande-incendio-na-zona-rural-de-Palmas.jpeg\" alt=\"inc\u00eandio, buritirana, zona rural, palmas, tocantins, matopiba, fogo, queimadas\" class=\"wp-image-4065231\"  \/><figcaption class=\"wp-element-caption\">Foto: Divulga\u00e7\u00e3o\/Governo do Tocantins<\/figcaption><\/figure>\n<p>Segundo informa\u00e7\u00f5es extraoficiais, os moradores seriam funcion\u00e1rios de uma fazenda e estariam evitando que o fogo atingisse equipamentos da propriedade.<\/p>\n<p>A Secretaria de Estado da Sa\u00fade (SES-TO) informou que as v\u00edtimas foram socorridas e encaminhadas para o pronto-socorro do Hospital Geral de Palmas (HGP).<\/p>\n<p>Os pacientes Edmar Barreira Bezerra e Elialdo Rodrigues, v\u00edtimas de queimaduras, seguem sob os cuidados das equipes multiprofissionais da unidade. O estado de sa\u00fade delas, no entanto, n\u00e3o foi informado.<\/p>\n<figure class=\"wp-block-image size-full\"><img decoding=\"async\" width=\"565\" height=\"349\" alt=\"inc\u00eandio, buritirana, zona rural, palmas, tocantins, matopiba, fogo, queimadas\" class=\"wp-image-4065230\"  data-lazy- src=\"https:\/\/agromt.news\/wp-content\/uploads\/2024\/08\/1724972921_960_Bombeiros-controlam-grande-incendio-na-zona-rural-de-Palmas.jpeg\"\/><img decoding=\"async\" width=\"565\" height=\"349\" src=\"https:\/\/agromt.news\/wp-content\/uploads\/2024\/08\/1724972921_960_Bombeiros-controlam-grande-incendio-na-zona-rural-de-Palmas.jpeg\" alt=\"inc\u00eandio, buritirana, zona rural, palmas, tocantins, matopiba, fogo, queimadas\" class=\"wp-image-4065230\"  \/><figcaption class=\"wp-element-caption\">Foto: Divulga\u00e7\u00e3o\/Governo do Tocantins<\/figcaption><\/figure>\n<p>\u201cNesta \u00e9poca do ano em nosso estado, lidamos com ocorr\u00eancia de inc\u00eandios em maior n\u00famero, por isso, realizamos diversas campanhas educativas e de conscientiza\u00e7\u00e3o a fim de reduzir as ocorr\u00eancias. Tivemos em Buritirana essa opera\u00e7\u00e3o complexa de combate ao fogo, devido \u00e0 extens\u00e3o da \u00e1rea atingida e \u00e0s condi\u00e7\u00f5es desfavor\u00e1veis. No entanto, nossa equipe esteve no local de imediato realizando todo o trabalho necess\u00e1rio para controlar as chamas e evitar danos maiores\u201d, destacou o comandante-geral do CBMTO, coronel Peterson Queiroz de Ornelas. \u00a0<\/p>\n<hr class=\"wp-block-separator has-alpha-channel-opacity\"\/>\n<p><em>Siga o\u00a0<a href=\"https:\/\/www.instagram.com\/canalruralbahia\/\">Canal Rural Bahia no Instagram<\/a>! Voc\u00ea tamb\u00e9m pode participar deixando uma sugest\u00e3o de pauta. Clique\u00a0<a href=\"https:\/\/wa.me\/5577999455066\"><strong>aqui<\/strong><\/a>\u00a0e envie uma mensagem para o nosso WhatsApp<\/em><\/p>\n<\/div>\n<p><script async src=\"\/\/www.instagram.com\/embed.js\"><\/script><br \/>\n<br \/><br \/>\n<br \/><a href=\"https:\/\/www.canalrural.com.br\/nacional\/bahia\/bombeiros-controlam-grande-incendio-na-zona-rural-de-palmas\/\">Source link <\/a><\/p>\n","protected":false},"excerpt":{"rendered":"<p>Na tarde desta quarta-feira (28), o Corpo de Bombeiros Militar do Tocantins (CBMTO) foi acionado para o combate de um<\/p>\n","protected":false},"author":1,"featured_media":926,"comment_status":"open","ping_status":"open","sticky":false,"template":"","format":"standard","meta":{"_monsterinsights_skip_tracking":false,"_monsterinsights_sitenote_active":false,"_monsterinsights_sitenote_note":"","_monsterinsights_sitenote_category":0,"_uf_show_specific_survey":0,"_uf_disable_surveys":false,"footnotes":""},"categories":[1],"tags":[],"class_list":["post-925","post","type-post","status-publish","format-standard","has-post-thumbnail","hentry","category-news"],"_links":{"self":[{"href":"https:\/\/agromt.news\/index.php?rest_route=\/wp\/v2\/posts\/925"}],"collection":[{"href":"https:\/\/agromt.news\/index.php?rest_route=\/wp\/v2\/posts"}],"about":[{"href":"https:\/\/agromt.news\/index.php?rest_route=\/wp\/v2\/types\/post"}],"author":[{"embeddable":true,"href":"https:\/\/agromt.news\/index.php?rest_route=\/wp\/v2\/users\/1"}],"replies":[{"embeddable":true,"href":"https:\/\/agromt.news\/index.php?rest_route=%2Fwp%2Fv2%2Fcomments&post=925"}],"version-history":[{"count":0,"href":"https:\/\/agromt.news\/index.php?rest_route=\/wp\/v2\/posts\/925\/revisions"}],"wp:featuredmedia":[{"embeddable":true,"href":"https:\/\/agromt.news\/index.php?rest_route=\/wp\/v2\/media\/926"}],"wp:attachment":[{"href":"https:\/\/agromt.news\/index.php?rest_route=%2Fwp%2Fv2%2Fmedia&parent=925"}],"wp:term":[{"taxonomy":"category","embeddable":true,"href":"https:\/\/agromt.news\/index.php?rest_route=%2Fwp%2Fv2%2Fcategories&post=925"},{"taxonomy":"post_tag","embeddable":true,"href":"https:\/\/agromt.news\/index.php?rest_route=%2Fwp%2Fv2%2Ftags&post=925"}],"curies":[{"name":"wp","href":"https:\/\/api.w.org\/{rel}","templated":true}]}}