{"id":9247,"date":"2025-02-07T11:32:30","date_gmt":"2025-02-07T15:32:30","guid":{"rendered":"https:\/\/agromt.news\/?p=9247"},"modified":"2025-02-07T11:32:30","modified_gmt":"2025-02-07T15:32:30","slug":"o-chamado-global-a-responsabilidade-pela-producao-sustentavel","status":"publish","type":"post","link":"https:\/\/agromt.news\/?p=9247","title":{"rendered":"O chamado global \u00e0 responsabilidade pela produ\u00e7\u00e3o sustent\u00e1vel"},"content":{"rendered":"<p> <br \/>\n<br \/><img decoding=\"async\" src=\"https:\/\/agromt.news\/wp-content\/uploads\/2025\/02\/O-chamado-global-a-responsabilidade-pela-producao-sustentavel.jpeg\" \/><\/p>\n<div>\n<p>O <a href=\"https:\/\/www.canalrural.com.br\/agricultura\/projeto-soja-brasil\/o-produtor-de-soja-precisa-de-cautela-neste-ano-diz-presidente-da-aprosoja-brasil\/\">evento <\/a>da Abertura Nacional da Colheita da Soja segue a todo vapor, com <a href=\"https:\/\/www.canalrural.com.br\/agricultura\/projeto-soja-brasil\/a-uniao-dos-produtores-no-coracao-da-soja-a-abertura-nacional-da-colheita-da-soja-em-mt\/\">discuss\u00f5es <\/a>aprofundadas sobre os desafios e impactos da COP 30 no setor agropecu\u00e1rio brasileiro, com especial aten\u00e7\u00e3o a Mato Grosso e \u00e0 produ\u00e7\u00e3o de soja. <\/p>\n<p>O primeiro painel, intitulado \u201cSustentabilidade e os Desafios da COP 30\u201d, reuniu especialistas e l\u00edderes do setor para abordar a relev\u00e2ncia da sustentabilidade na agricultura e os reflexos dessa confer\u00eancia global para o Brasil. <\/p>\n<p>O moderador do painel foi Fabr\u00edcio Rosa, diretor-executivo da Aprosoja Brasil, que iniciou a conversa destacando a import\u00e2ncia da COP 30 para o setor agropecu\u00e1rio, especialmente no contexto da soja.<\/p>\n<p>Luiz Pedro Bier, vice-presidente da Aprosoja Mato Grosso, come\u00e7ou sua fala destacando que a COP 30 trar\u00e1 \u00e0 tona projetos focados na sustentabilidade da produ\u00e7\u00e3o agr\u00edcola. No entanto, ele questionou a efic\u00e1cia real da confer\u00eancia, apontando que, apesar de sua participa\u00e7\u00e3o nas edi\u00e7\u00f5es anteriores, as decis\u00f5es tomadas nem sempre geraram impactos positivos. <\/p>\n<p>Bier destacou que muitas das medidas adotadas nas COPs acabam prejudicando a agricultura brasileira, que ainda \u00e9 retratada negativamente no cen\u00e1rio internacional, especialmente no que tange ao impacto ambiental. <\/p>\n<p>Al\u00e9m disso, Bier mencionou a Morat\u00f3ria da Soja e defendeu que a Frente Parlamentar da Agropecu\u00e1ria (FPA) deve fornecer mais apoio ao setor para enfrentar as barreiras comerciais impostas por pa\u00edses como a Europa.<\/p>\n<\/div>\n<div>\n<p>O jornalista, ex-ministro e ex-deputado, Aldo Rebelo, fez uma an\u00e1lise cr\u00edtica sobre o papel das COPs ao longo dos anos. Rebelo sugeriu que o Brasil aproveitasse a COP 30 para promover um c\u00f3digo florestal global, transformando o meio ambiente em um instrumento de desenvolvimento e n\u00e3o uma ferramenta de guerra comercial. <\/p>\n<p>Em rela\u00e7\u00e3o \u00e0 sa\u00edda dos Estados Unidos dos acordos clim\u00e1ticos, Rebelo afirmou que esse movimento enfraquece a COP 30 e compromete os esfor\u00e7os globais. A leitura global ser\u00e1 a de que a refer\u00eancia dada por essas confer\u00eancias perde for\u00e7a, com o afastamento do pa\u00eds mais importante do mundo. Para ele, o governo brasileiro deveria usar a COP para refor\u00e7ar a import\u00e2ncia do meio ambiente como um instrumento de desenvolvimento, em vez de uma disputa entre pa\u00edses.<\/p>\n<p>Daniel Vargas, especialista em quest\u00f5es ambientais, abordou os desafios das COPs e a crise de identidade enfrentada por essas confer\u00eancias ao longo dos anos. Segundo Vargas, embora o objetivo inicial das COPs fosse a redu\u00e7\u00e3o das emiss\u00f5es de gases de efeito estufa, elas se concentram, atualmente, em solu\u00e7\u00f5es r\u00e1pidas e econ\u00f4micas, como a prote\u00e7\u00e3o das florestas e a ado\u00e7\u00e3o de pr\u00e1ticas sustent\u00e1veis no setor produtivo. <\/p>\n<p>Ele destacou que, na COP 30, as necessidades dos pa\u00edses tropicais, como o Brasil, precisam ser ouvidas. Vargas alertou que solu\u00e7\u00f5es baseadas exclusivamente em modelos europeus n\u00e3o atendem \u00e0 demanda global por alimentos. O Brasil, para ele, deve chamar o mundo \u00e0 responsabilidade e apresentar um modelo de produ\u00e7\u00e3o sustent\u00e1vel que seja vi\u00e1vel tanto para o pa\u00eds quanto para o resto do mundo.<\/p>\n<p>O professor tamb\u00e9m trouxe \u00e0 tona uma quest\u00e3o central sobre seguran\u00e7a alimentar global. Ele defendeu que a maior amea\u00e7a \u00e0 humanidade n\u00e3o \u00e9 a preserva\u00e7\u00e3o ambiental, mas a mis\u00e9ria e a pobreza. \u201cSe um cidad\u00e3o est\u00e1 lutando contra a fome, n\u00e3o \u00e9 racional esperar que ele preserve uma \u00e1rvore\u201d, afirmou o especialista. <\/p>\n<p>Vargas destacou a necessidade de investir em inova\u00e7\u00e3o cient\u00edfica e tecnol\u00f3gica para garantir a seguran\u00e7a alimentar e energ\u00e9tica no futuro. Ele tamb\u00e9m ressaltou que a resolu\u00e7\u00e3o dos desafios ambientais exige a promo\u00e7\u00e3o de riqueza e renda para os produtores rurais, que enfrentam n\u00e3o apenas dificuldades internas, mas tamb\u00e9m ataques de um cen\u00e1rio internacional cada vez mais complexo. O professor concluiu com a proposta de criar um programa global de investimentos em inova\u00e7\u00e3o, a fim de garantir que as quest\u00f5es clim\u00e1ticas n\u00e3o prejudiquem a produtividade agr\u00edcola.<\/p>\n<\/p><\/div>\n<p><br \/>\n<br \/><a href=\"https:\/\/www.canalrural.com.br\/agricultura\/projeto-soja-brasil\/o-chamado-global-a-responsabilidade-pela-producao-sustentavel\/\">Source link <\/a><\/p>\n","protected":false},"excerpt":{"rendered":"<p>O evento da Abertura Nacional da Colheita da Soja segue a todo vapor, com discuss\u00f5es aprofundadas sobre os desafios e<\/p>\n","protected":false},"author":1,"featured_media":9248,"comment_status":"open","ping_status":"open","sticky":false,"template":"","format":"standard","meta":{"_monsterinsights_skip_tracking":false,"_monsterinsights_sitenote_active":false,"_monsterinsights_sitenote_note":"","_monsterinsights_sitenote_category":0,"_uf_show_specific_survey":0,"_uf_disable_surveys":false,"footnotes":""},"categories":[1],"tags":[],"class_list":["post-9247","post","type-post","status-publish","format-standard","has-post-thumbnail","hentry","category-news"],"_links":{"self":[{"href":"https:\/\/agromt.news\/index.php?rest_route=\/wp\/v2\/posts\/9247"}],"collection":[{"href":"https:\/\/agromt.news\/index.php?rest_route=\/wp\/v2\/posts"}],"about":[{"href":"https:\/\/agromt.news\/index.php?rest_route=\/wp\/v2\/types\/post"}],"author":[{"embeddable":true,"href":"https:\/\/agromt.news\/index.php?rest_route=\/wp\/v2\/users\/1"}],"replies":[{"embeddable":true,"href":"https:\/\/agromt.news\/index.php?rest_route=%2Fwp%2Fv2%2Fcomments&post=9247"}],"version-history":[{"count":0,"href":"https:\/\/agromt.news\/index.php?rest_route=\/wp\/v2\/posts\/9247\/revisions"}],"wp:featuredmedia":[{"embeddable":true,"href":"https:\/\/agromt.news\/index.php?rest_route=\/wp\/v2\/media\/9248"}],"wp:attachment":[{"href":"https:\/\/agromt.news\/index.php?rest_route=%2Fwp%2Fv2%2Fmedia&parent=9247"}],"wp:term":[{"taxonomy":"category","embeddable":true,"href":"https:\/\/agromt.news\/index.php?rest_route=%2Fwp%2Fv2%2Fcategories&post=9247"},{"taxonomy":"post_tag","embeddable":true,"href":"https:\/\/agromt.news\/index.php?rest_route=%2Fwp%2Fv2%2Ftags&post=9247"}],"curies":[{"name":"wp","href":"https:\/\/api.w.org\/{rel}","templated":true}]}}