{"id":9246,"date":"2025-02-07T11:24:35","date_gmt":"2025-02-07T15:24:35","guid":{"rendered":"https:\/\/agromt.news\/?p=9246"},"modified":"2025-02-07T11:24:35","modified_gmt":"2025-02-07T15:24:35","slug":"cesta-basica-registra-alta-em-13-capitais-do-brasil","status":"publish","type":"post","link":"https:\/\/agromt.news\/?p=9246","title":{"rendered":"Cesta b\u00e1sica registra alta em 13 capitais do Brasil"},"content":{"rendered":"<p> <br \/>\n<\/p>\n<div>\n<p style=\"text-align:justify\">O pre\u00e7o da cesta b\u00e1sica registrou alta em janeiro de 2024 em 13 das 17 capitais monitoradas pelo Departamento Intersindical de Estat\u00edstica e Estudos Socioecon\u00f4micos (Dieese). As maiores eleva\u00e7\u00f5es ocorreram em Salvador (6,22%), Bel\u00e9m (4,80%) e Fortaleza (3,96%). Por outro lado, quatro cidades apresentaram queda no custo dos itens essenciais: Porto Alegre (-1,67%), Vit\u00f3ria (-1,62%), Campo Grande (-0,79%) e Florian\u00f3polis (-0,09%).&#13;\n<\/p>\n<p style=\"text-align:justify\">A cidade de S\u00e3o Paulo lidera o ranking da cesta b\u00e1sica mais cara do pa\u00eds, com um valor de R$ 851,82, representando aproximadamente 60% do sal\u00e1rio m\u00ednimo vigente (R$ 1.518). No c\u00e1lculo do Dieese, para cobrir despesas b\u00e1sicas de uma fam\u00edlia de quatro pessoas, o sal\u00e1rio m\u00ednimo necess\u00e1rio deveria ser de R$ 7.156,15.&#13;\n<\/p>\n<p style=\"text-align:justify\"><strong>Fatores que impulsionaram a alta<\/strong><\/p>\n<p style=\"text-align:justify\">O Dieese apontou que o aumento no custo da cesta b\u00e1sica foi impulsionado por tr\u00eas produtos essenciais:<\/p>\n<p style=\"text-align:justify\">Caf\u00e9 em p\u00f3, que teve alta em todas as cidades pesquisadas no \u00faltimo ano.<\/p>\n<p style=\"text-align:justify\">Tomate, cujo pre\u00e7o subiu em cinco capitais e teve aumentos superiores a 40% em Salvador, Belo Horizonte, Bras\u00edlia e Rio de Janeiro, devido \u00e0s chuvas.<\/p>\n<p style=\"text-align:justify\">P\u00e3o franc\u00eas, com eleva\u00e7\u00e3o de pre\u00e7os em 16 das 17 cidades, reflexo da menor oferta de trigo nacional e da necessidade de importa\u00e7\u00e3o em um cen\u00e1rio de c\u00e2mbio desvalorizado.<\/p>\n<p style=\"text-align:justify\">Por outro lado, alguns produtos ajudaram a conter reajustes ainda maiores. A batata registrou queda em todas as capitais nos \u00faltimos 12 meses, enquanto o leite integral, apesar de oscila\u00e7\u00f5es, ficou mais barato em 12 cidades em dezembro. O arroz e o feij\u00e3o tamb\u00e9m apresentaram redu\u00e7\u00e3o nos pre\u00e7os recentes, devido ao aumento da oferta.&#13;\n<\/p>\n<\/p><\/div>\n<p><script data-cfasync=\"false\">\n    !function (f, b, e, v, n, t, s) {\n        if (f.fbq) return; n = f.fbq = function () {\n            n.callMethod ?\n                n.callMethod.apply(n, arguments) : n.queue.push(arguments)\n        };\n        if (!f._fbq) f._fbq = n; n.push = n; n.loaded = !0; n.version = '2.0';\n        n.queue = []; t = b.createElement(e); t.async = !0;\n        t.src = v; s = b.getElementsByTagName(e)[0];\n        s.parentNode.insertBefore(t, s)\n    }(window, document, 'script',\n        'https:\/\/connect.facebook.net\/en_US\/fbevents.js');\n    fbq('init', '522546078623747');\n    fbq('track', 'PageView');\n<\/script><br \/>\n<br \/><br \/>\n<br \/><a href=\"https:\/\/www.agrolink.com.br\/noticias\/cesta-basica-registra-alta-em-13-capitais-do-brasil_499134.html\">Source link <\/a><\/p>\n","protected":false},"excerpt":{"rendered":"<p>O pre\u00e7o da cesta b\u00e1sica registrou alta em janeiro de 2024 em 13 das 17 capitais monitoradas pelo Departamento Intersindical<\/p>\n","protected":false},"author":1,"featured_media":3190,"comment_status":"open","ping_status":"open","sticky":false,"template":"","format":"standard","meta":{"_monsterinsights_skip_tracking":false,"_monsterinsights_sitenote_active":false,"_monsterinsights_sitenote_note":"","_monsterinsights_sitenote_category":0,"_uf_show_specific_survey":0,"_uf_disable_surveys":false,"footnotes":""},"categories":[8,1,14],"tags":[],"class_list":["post-9246","post","type-post","status-publish","format-standard","has-post-thumbnail","hentry","category-agro","category-news","category-politica-agro"],"_links":{"self":[{"href":"https:\/\/agromt.news\/index.php?rest_route=\/wp\/v2\/posts\/9246"}],"collection":[{"href":"https:\/\/agromt.news\/index.php?rest_route=\/wp\/v2\/posts"}],"about":[{"href":"https:\/\/agromt.news\/index.php?rest_route=\/wp\/v2\/types\/post"}],"author":[{"embeddable":true,"href":"https:\/\/agromt.news\/index.php?rest_route=\/wp\/v2\/users\/1"}],"replies":[{"embeddable":true,"href":"https:\/\/agromt.news\/index.php?rest_route=%2Fwp%2Fv2%2Fcomments&post=9246"}],"version-history":[{"count":0,"href":"https:\/\/agromt.news\/index.php?rest_route=\/wp\/v2\/posts\/9246\/revisions"}],"wp:featuredmedia":[{"embeddable":true,"href":"https:\/\/agromt.news\/index.php?rest_route=\/wp\/v2\/media\/3190"}],"wp:attachment":[{"href":"https:\/\/agromt.news\/index.php?rest_route=%2Fwp%2Fv2%2Fmedia&parent=9246"}],"wp:term":[{"taxonomy":"category","embeddable":true,"href":"https:\/\/agromt.news\/index.php?rest_route=%2Fwp%2Fv2%2Fcategories&post=9246"},{"taxonomy":"post_tag","embeddable":true,"href":"https:\/\/agromt.news\/index.php?rest_route=%2Fwp%2Fv2%2Ftags&post=9246"}],"curies":[{"name":"wp","href":"https:\/\/api.w.org\/{rel}","templated":true}]}}