{"id":9244,"date":"2025-02-07T10:35:39","date_gmt":"2025-02-07T14:35:39","guid":{"rendered":"https:\/\/agromt.news\/?p=9244"},"modified":"2025-02-07T10:35:39","modified_gmt":"2025-02-07T14:35:39","slug":"acordo-entre-ue-e-mercosul-e-destaque-no-conselho-agropecuario-do-sul","status":"publish","type":"post","link":"https:\/\/agromt.news\/?p=9244","title":{"rendered":"Acordo entre UE e Mercosul \u00e9 destaque no Conselho Agropecu\u00e1rio do Sul"},"content":{"rendered":"<p> <br \/>\n<br \/><img decoding=\"async\" src=\"https:\/\/agromt.news\/wp-content\/uploads\/2025\/02\/Acordo-entre-UE-e-Mercosul-e-destaque-no-Conselho-Agropecuario.jpeg\" \/><\/p>\n<div>\n<p>A 59\u00aa Reuni\u00e3o Ordin\u00e1ria do Conselho Agropecu\u00e1rio do Sul (CAS) ocorreu em Punta del Este, Uruguai, e reuniu representantes da Argentina, Bol\u00edvia, Brasil, Chile, Paraguai e Uruguai. O encontro abordou temas estrat\u00e9gicos, como a conclus\u00e3o do <strong><a href=\"https:\/\/www.canalrural.com.br\/pecuaria\/brasil-pode-mais-que-dobrar-exportacao-de-carne-bovina-com-acordo-mercosul-ue-diz-consultoria\/\">acordo entre a Uni\u00e3o Europeia e o Mercosul<\/a><\/strong>, a pol\u00edtica ambiental europeia, o seguro agr\u00edcola e as importa\u00e7\u00f5es de leite em p\u00f3.<\/p>\n<h2 class=\"wp-block-heading\" id=\"h-acordos-internacionais-e-sustentabilidade\">Acordos internacionais e sustentabilidade<\/h2>\n<p>O primeiro bloco da reuni\u00e3o focou no acordo comercial Mercosul-UE e na reuni\u00e3o com o Conselho da Organiza\u00e7\u00e3o Mundial de Sa\u00fade Animal (OMSA), onde o Brasil apresentou seu pleito para o reconhecimento internacional como livre de febre aftosa sem vacina\u00e7\u00e3o.<\/p>\n<p>No segundo bloco, foram discutidas estrat\u00e9gias para mitigar os impactos das iniciativas ambientais nas rela\u00e7\u00f5es comerciais e os efeitos do regulamento europeu contra o desmatamento. O <strong><a href=\"https:\/\/www.canalrural.com.br\/tag\/carlosf%C3%A1varo\/\">ministro Carlos F\u00e1varo<\/a><\/strong> refor\u00e7ou o compromisso do Brasil com a transpar\u00eancia nas pr\u00e1ticas agr\u00edcolas, mas destacou que n\u00e3o aceitar\u00e1 exig\u00eancias que ultrapassem a legisla\u00e7\u00e3o brasileira.<\/p>\n<blockquote class=\"wp-block-quote is-layout-flow wp-block-quote-is-layout-flow\">\n<p>\u201cO Brasil tem uma das legisla\u00e7\u00f5es ambientais mais rigorosas do mundo e daremos total transpar\u00eancia \u00e0s nossas pr\u00e1ticas. Por\u00e9m, a soberania nacional estar\u00e1 sempre em primeiro lugar\u201d, afirmou F\u00e1varo.<\/p>\n<\/blockquote>\n<\/div>\n<div>\n<h2 class=\"wp-block-heading\" id=\"h-seguro-agricola-como-prioridade\">Seguro agr\u00edcola como prioridade<\/h2>\n<p>O seguro agr\u00edcola foi apontado como tema priorit\u00e1rio pelo Brasil. O ministro destacou que o Plano Safra 2025\/26 incluir\u00e1 avan\u00e7os na prote\u00e7\u00e3o ao produtor, com uso de tecnologia e monitoramento clim\u00e1tico. F\u00e1varo anunciou que o Rio Grande do Sul ser\u00e1 o primeiro estado com cobertura total de radares meteorol\u00f3gicos, o que permitir\u00e1 maior precis\u00e3o nas previs\u00f5es clim\u00e1ticas para o setor agr\u00edcola.<\/p>\n<h2 class=\"wp-block-heading\" id=\"h-cop30\">COP30 <\/h2>\n<p>O Minist\u00e9rio da Agricultura e Pecu\u00e1ria (Mapa) apoiar\u00e1 tecnicamente a Presid\u00eancia da COP30 na defini\u00e7\u00e3o da Agenda de A\u00e7\u00e3o em Agricultura e Sistemas Alimentares. Para isso, foi criado o Comit\u00ea Executivo da Agricultura e Pecu\u00e1ria, que facilitar\u00e1 a articula\u00e7\u00e3o do setor durante o evento global sobre mudan\u00e7as clim\u00e1ticas.<\/p>\n<p>F\u00e1varo aproveitou a reuni\u00e3o do CAS para convidar os pa\u00edses membros a participarem ativamente da COP30, refor\u00e7ando o papel estrat\u00e9gico do agro sul-americano nas discuss\u00f5es sobre sustentabilidade e seguran\u00e7a alimentar global.<\/p>\n<h2 class=\"wp-block-heading\" id=\"h-conselho-agropecuario-do-sul-cas\">Conselho Agropecu\u00e1rio do Sul (CAS)<\/h2>\n<p>Criado em 2003, o CAS re\u00fane os ministros da Agricultura de seis pa\u00edses sul-americanos e tem como principal objetivo coordenar a\u00e7\u00f5es e definir prioridades para o setor agropecu\u00e1rio regional.<\/p>\n<p>A reuni\u00e3o tamb\u00e9m contou com a participa\u00e7\u00e3o da Federa\u00e7\u00e3o das Associa\u00e7\u00f5es Rurais do Mercosul (Farm), da Coordena\u00e7\u00e3o das Organiza\u00e7\u00f5es de Agricultores Familiares do Mercosul (Coprofam) e de representantes de \u00f3rg\u00e3os t\u00e9cnicos como Cosave, CVP e Procisur.<\/p>\n<p><em>*Com informa\u00e7\u00f5es do Minist\u00e9rio da Agricultura e Pecu\u00e1ria<\/em><\/p>\n<\/p><\/div>\n<p><br \/>\n<br \/><a href=\"https:\/\/www.canalrural.com.br\/politica\/acordo-entre-ue-e-mercosul-e-destaque-no-conselho-agropecuario-do-sul\/\">Source link <\/a><\/p>\n","protected":false},"excerpt":{"rendered":"<p>A 59\u00aa Reuni\u00e3o Ordin\u00e1ria do Conselho Agropecu\u00e1rio do Sul (CAS) ocorreu em Punta del Este, Uruguai, e reuniu representantes da<\/p>\n","protected":false},"author":1,"featured_media":9245,"comment_status":"open","ping_status":"open","sticky":false,"template":"","format":"standard","meta":{"_monsterinsights_skip_tracking":false,"_monsterinsights_sitenote_active":false,"_monsterinsights_sitenote_note":"","_monsterinsights_sitenote_category":0,"_uf_show_specific_survey":0,"_uf_disable_surveys":false,"footnotes":""},"categories":[1],"tags":[],"class_list":["post-9244","post","type-post","status-publish","format-standard","has-post-thumbnail","hentry","category-news"],"_links":{"self":[{"href":"https:\/\/agromt.news\/index.php?rest_route=\/wp\/v2\/posts\/9244"}],"collection":[{"href":"https:\/\/agromt.news\/index.php?rest_route=\/wp\/v2\/posts"}],"about":[{"href":"https:\/\/agromt.news\/index.php?rest_route=\/wp\/v2\/types\/post"}],"author":[{"embeddable":true,"href":"https:\/\/agromt.news\/index.php?rest_route=\/wp\/v2\/users\/1"}],"replies":[{"embeddable":true,"href":"https:\/\/agromt.news\/index.php?rest_route=%2Fwp%2Fv2%2Fcomments&post=9244"}],"version-history":[{"count":0,"href":"https:\/\/agromt.news\/index.php?rest_route=\/wp\/v2\/posts\/9244\/revisions"}],"wp:featuredmedia":[{"embeddable":true,"href":"https:\/\/agromt.news\/index.php?rest_route=\/wp\/v2\/media\/9245"}],"wp:attachment":[{"href":"https:\/\/agromt.news\/index.php?rest_route=%2Fwp%2Fv2%2Fmedia&parent=9244"}],"wp:term":[{"taxonomy":"category","embeddable":true,"href":"https:\/\/agromt.news\/index.php?rest_route=%2Fwp%2Fv2%2Fcategories&post=9244"},{"taxonomy":"post_tag","embeddable":true,"href":"https:\/\/agromt.news\/index.php?rest_route=%2Fwp%2Fv2%2Ftags&post=9244"}],"curies":[{"name":"wp","href":"https:\/\/api.w.org\/{rel}","templated":true}]}}