{"id":9225,"date":"2025-02-07T02:54:15","date_gmt":"2025-02-07T06:54:15","guid":{"rendered":"https:\/\/agromt.news\/?p=9225"},"modified":"2025-02-07T02:54:15","modified_gmt":"2025-02-07T06:54:15","slug":"adubos-sustentaveis-e-o-mercado-de-carbono","status":"publish","type":"post","link":"https:\/\/agromt.news\/?p=9225","title":{"rendered":"Adubos sustent\u00e1veis e o mercado de carbono"},"content":{"rendered":"<p> <br \/>\n<\/p>\n<div>\n<div class=\"row\">\n<div class=\"col-lg col-infos mt-3 mt-lg-0\">\n<div class=\"section-sub-title\">\n<p itemprop=\"description\">&#13;<br \/>\n                                O mercado brasileiro se organiza em dois segmentos principais&#13;\n                            <\/p>\n<\/p><\/div>\n<div class=\"container\">\n<div class=\"row\">\n<div class=\"col-lg p-0\">\n<div>\n<div class=\"block-news-main-infos mt-3 text-start\">\n<p>                                            <strong class=\"fn\" itemprop=\"author\" style=\"color: rgb(112, 112, 112); \">&#13;<br \/>\n                                                <a href=\"https:\/\/www.agrolink.com.br\/noticias\/javascript:;\" class=\"text-uppercase\" target=\"_blank\" style=\"color: rgb(112, 112, 112); \" rel=\"noopener\">Agrolink<\/a>&#13;<br \/>\n&#13;<br \/>\n                                                    &#8211; Leonardo Gottems&#13;<br \/>\n&#13;<br \/>\n                                            <\/strong><br \/>\n                                        <\/p>\n<p>                                            <abbr><time datetime=\"2025-02-06T06:55\" itemprop=\"datePublished dateModified\">Publicado em 06\/02\/2025 \u00e0s 06:55h.<\/time><\/abbr><br \/>\n                                            <\/p><\/div>\n<\/p><\/div>\n<\/p><\/div>\n<div class=\"col-lg p-0 text-lg-end\">\n<div>\n<div id=\"mdEnviarPagina\" class=\"modal fade\" role=\"dialog\">\n<div class=\"modal-dialog\">\n<div class=\"modal-content\">\n<div class=\"modal-body\">\n<p><strong>Estimado usu\u00e1rio.<\/strong><br \/>Preencha o formul\u00e1rio abaixo para remeter a p\u00e1gina.<\/p>\n<\/p><\/div>\n<\/p><\/div>\n<\/p><\/div>\n<\/div><\/div>\n<\/p><\/div>\n<\/p><\/div>\n<\/p><\/div>\n<\/p><\/div>\n<\/p><\/div>\n<div class=\"row justify-content-md-center mt-3\">\n<div class=\"col-lg-auto col-image  block-news-main-image d-none d-md-block\">\n<p>                                <img decoding=\"async\" src=\"https:\/\/www.agrolink.com.br\/upload\/imagens-resizes\/37ec4c3a9389456c8595ea76f320d33c_858x483.jpg\" class=\"lazyload \" alt=\"O mercado brasileiro se organiza em dois segmentos principais\"\/><br \/>\n                                                <span class=\"d-block mt-1\">O mercado brasileiro se organiza em dois segmentos principais &#8211; Foto: Divulga\u00e7\u00e3o<\/span><\/p><\/div>\n<\/p><\/div>\n<div class=\"section-description section-description-noticias mt-3\">\n<p>O Brasil possui um enorme potencial para liderar o mercado de carbono, impulsionado por sua biodiversidade, matriz energ\u00e9tica renov\u00e1vel e pr\u00e1ticas agr\u00edcolas sustent\u00e1veis. De acordo com Jo\u00e3o Berdu, engenheiro agr\u00f4nomo e CEO da Jiantan, a regulamenta\u00e7\u00e3o do Sistema Brasileiro de Com\u00e9rcio de Emiss\u00f5es (SBCE), institu\u00eddo pela Lei n\u00ba 15.042 em dezembro de 2024, fortalece esse cen\u00e1rio.&#13;\n<\/p>\n<p>Dentro desse contexto, os adubos biol\u00f3gicos surgem como uma solu\u00e7\u00e3o estrat\u00e9gica na agropecu\u00e1ria sustent\u00e1vel. O Brasil j\u00e1 demonstrou avan\u00e7os significativos na recupera\u00e7\u00e3o de pastagens degradadas e no uso de biofertilizantes, reduzindo emiss\u00f5es e aumentando a produtividade de forma ecologicamente respons\u00e1vel. A aplica\u00e7\u00e3o desses insumos, aliada a t\u00e9cnicas como Integra\u00e7\u00e3o Lavoura-Pecu\u00e1ria-Floresta (ILPF) e biodigestores, refor\u00e7a o papel do pa\u00eds na mitiga\u00e7\u00e3o dos impactos clim\u00e1ticos globais. \u00a0<\/p>\n<p>A Jiantan \u00e9 um exemplo de empresa que atua nesse setor, fomentando a ado\u00e7\u00e3o de pr\u00e1ticas regenerativas e contribuindo para a gera\u00e7\u00e3o de ativos ambientais. Al\u00e9m disso, o mercado regulado de carbono no Brasil j\u00e1 destina 70% dos contratos para comunidades ind\u00edgenas e quilombolas.. \u00a0&#13;\n<\/p>\n<p>O mercado brasileiro se organiza em dois segmentos principais: o regulado, que exige monitoramento de emiss\u00f5es para empresas que ultrapassam 10 mil toneladas de CO2 por ano, e o volunt\u00e1rio, que permite a aquisi\u00e7\u00e3o de cr\u00e9ditos por empresas e indiv\u00edduos. Entre os ativos dispon\u00edveis, destacam-se a Cota Brasileira de Emiss\u00f5es e o Certificado de Redu\u00e7\u00e3o ou Remo\u00e7\u00e3o Verificada de Emiss\u00f5es, fundamentais para garantir a transpar\u00eancia e efic\u00e1cia desse mercado.<\/p>\n<p>\u201cEsses m\u00e9todos, aliados \u00e0 matriz energ\u00e9tica predominantemente renov\u00e1vel (hidrel\u00e9trica, e\u00f3lica, solar e biomassa), posicionam o pa\u00eds como refer\u00eancia em economia verde e aliado estrat\u00e9gico na luta contra o aquecimento global\u201d, afirmou, na rede social LinkedIn.<br \/>&#13;<br \/>\n\u00a0&#13;\n<\/p>\n<\/p><\/div>\n<\/p><\/div>\n<p><script data-cfasync=\"false\">\n    !function (f, b, e, v, n, t, s) {\n        if (f.fbq) return; n = f.fbq = function () {\n            n.callMethod ?\n                n.callMethod.apply(n, arguments) : n.queue.push(arguments)\n        };\n        if (!f._fbq) f._fbq = n; n.push = n; n.loaded = !0; n.version = '2.0';\n        n.queue = []; t = b.createElement(e); t.async = !0;\n        t.src = v; s = b.getElementsByTagName(e)[0];\n        s.parentNode.insertBefore(t, s)\n    }(window, document, 'script',\n        'https:\/\/connect.facebook.net\/en_US\/fbevents.js');\n    fbq('init', '522546078623747');\n    fbq('track', 'PageView');\n<\/script><br \/>\n<br \/><br \/>\n<br \/><a href=\"https:\/\/www.agrolink.com.br\/noticias\/adubos-sustentaveis-e-o-mercado-de-carbono_499091.html\">Source link <\/a><\/p>\n","protected":false},"excerpt":{"rendered":"<p>&#13; O mercado brasileiro se organiza em dois segmentos principais&#13; &#13; Agrolink&#13; &#13; &#8211; Leonardo Gottems&#13; &#13; Publicado em 06\/02\/2025<\/p>\n","protected":false},"author":1,"featured_media":9226,"comment_status":"open","ping_status":"open","sticky":false,"template":"","format":"standard","meta":{"_monsterinsights_skip_tracking":false,"_monsterinsights_sitenote_active":false,"_monsterinsights_sitenote_note":"","_monsterinsights_sitenote_category":0,"_uf_show_specific_survey":0,"_uf_disable_surveys":false,"footnotes":""},"categories":[8,1,14],"tags":[],"class_list":["post-9225","post","type-post","status-publish","format-standard","has-post-thumbnail","hentry","category-agro","category-news","category-politica-agro"],"_links":{"self":[{"href":"https:\/\/agromt.news\/index.php?rest_route=\/wp\/v2\/posts\/9225"}],"collection":[{"href":"https:\/\/agromt.news\/index.php?rest_route=\/wp\/v2\/posts"}],"about":[{"href":"https:\/\/agromt.news\/index.php?rest_route=\/wp\/v2\/types\/post"}],"author":[{"embeddable":true,"href":"https:\/\/agromt.news\/index.php?rest_route=\/wp\/v2\/users\/1"}],"replies":[{"embeddable":true,"href":"https:\/\/agromt.news\/index.php?rest_route=%2Fwp%2Fv2%2Fcomments&post=9225"}],"version-history":[{"count":0,"href":"https:\/\/agromt.news\/index.php?rest_route=\/wp\/v2\/posts\/9225\/revisions"}],"wp:featuredmedia":[{"embeddable":true,"href":"https:\/\/agromt.news\/index.php?rest_route=\/wp\/v2\/media\/9226"}],"wp:attachment":[{"href":"https:\/\/agromt.news\/index.php?rest_route=%2Fwp%2Fv2%2Fmedia&parent=9225"}],"wp:term":[{"taxonomy":"category","embeddable":true,"href":"https:\/\/agromt.news\/index.php?rest_route=%2Fwp%2Fv2%2Fcategories&post=9225"},{"taxonomy":"post_tag","embeddable":true,"href":"https:\/\/agromt.news\/index.php?rest_route=%2Fwp%2Fv2%2Ftags&post=9225"}],"curies":[{"name":"wp","href":"https:\/\/api.w.org\/{rel}","templated":true}]}}