{"id":9222,"date":"2025-02-06T22:34:17","date_gmt":"2025-02-07T02:34:17","guid":{"rendered":"https:\/\/agromt.news\/?p=9222"},"modified":"2025-02-06T22:34:17","modified_gmt":"2025-02-07T02:34:17","slug":"reutilizacao-de-sementes-e-sustentavel-para-jardinagem","status":"publish","type":"post","link":"https:\/\/agromt.news\/?p=9222","title":{"rendered":"Reutiliza\u00e7\u00e3o de sementes \u00e9 sustent\u00e1vel para jardinagem"},"content":{"rendered":"<p> <br \/>\n<\/p>\n<div>\n<div class=\"row\">\n<div class=\"col-lg col-infos mt-3 mt-lg-0\">\n<div class=\"section-sub-title\">\n<p itemprop=\"description\">&#13;<br \/>\n                                \u00c9 essencial armazenar as sementes de forma adequada&#13;\n                            <\/p>\n<\/p><\/div>\n<div class=\"container\">\n<div class=\"row\">\n<div class=\"col-lg p-0\">\n<div>\n<div class=\"block-news-main-infos mt-3 text-start\">\n<p>                                            <strong class=\"fn\" itemprop=\"author\" style=\"color: rgb(112, 112, 112); \">&#13;<br \/>\n                                                <a href=\"https:\/\/www.agrolink.com.br\/noticias\/javascript:;\" class=\"text-uppercase\" target=\"_blank\" style=\"color: rgb(112, 112, 112); \" rel=\"noopener\">Agrolink<\/a>&#13;<br \/>\n&#13;<br \/>\n                                                    &#8211; Leonardo Gottems&#13;<br \/>\n&#13;<br \/>\n                                            <\/strong><br \/>\n                                        <\/p>\n<p>                                            <abbr><time datetime=\"2025-02-06T07:02\" itemprop=\"datePublished dateModified\">Publicado em 06\/02\/2025 \u00e0s 07:02h.<\/time><\/abbr><br \/>\n                                            <\/p><\/div>\n<\/p><\/div>\n<\/p><\/div>\n<div class=\"col-lg p-0 text-lg-end\">\n<div>\n<div id=\"mdEnviarPagina\" class=\"modal fade\" role=\"dialog\">\n<div class=\"modal-dialog\">\n<div class=\"modal-content\">\n<div class=\"modal-body\">\n<p><strong>Estimado usu\u00e1rio.<\/strong><br \/>Preencha o formul\u00e1rio abaixo para remeter a p\u00e1gina.<\/p>\n<\/p><\/div>\n<\/p><\/div>\n<\/p><\/div>\n<\/div><\/div>\n<\/p><\/div>\n<\/p><\/div>\n<\/p><\/div>\n<\/p><\/div>\n<\/p><\/div>\n<div class=\"row justify-content-md-center mt-3\">\n<div class=\"col-lg-auto col-image  block-news-main-image d-none d-md-block\">\n<p>                                <img decoding=\"async\" src=\"https:\/\/www.agrolink.com.br\/upload\/imagens-resizes\/1ec6a55c972e412e9e7972f8d20b14e1_858x483.jpg\" class=\"lazyload \" alt=\"Uma das maneiras mais eficazes de reutilizar sementes \u00e9 coletando-as de suas pr\u00f3prias plantas\"\/><br \/>\n                                                <span class=\"d-block mt-1\">Uma das maneiras mais eficazes de reutilizar sementes \u00e9 coletando-as de suas pr\u00f3prias plantas &#8211; Foto: Seane Lennon<\/span><\/p><\/div>\n<\/p><\/div>\n<div class=\"section-description section-description-noticias mt-3\">\n<p>A reutiliza\u00e7\u00e3o de sementes \u00e9 uma pr\u00e1tica excelente para promover a sustentabilidade e reduzir os custos em projetos de jardinagem ou agricultura. Essa abordagem n\u00e3o s\u00f3 contribui para a preserva\u00e7\u00e3o ambiental, como tamb\u00e9m oferece uma forma de economia ao criar um ciclo cont\u00ednuo de produ\u00e7\u00e3o, sem a necessidade de compra constante de sementes. \u00a0&#13;\n<\/p>\n<p>Uma das maneiras mais eficazes de reutilizar sementes \u00e9 coletando-as de suas pr\u00f3prias plantas. Guarde as sementes de vegetais, frutas ou flores que voc\u00ea cultivou, como tomates, pepinos, piment\u00f5es e at\u00e9 flores decorativas. Ao fazer isso, voc\u00ea cria um ciclo sustent\u00e1vel de cultivo e garante uma produ\u00e7\u00e3o cont\u00ednua ao longo das safras. \u00a0<\/p>\n<p>Para garantir o sucesso no reaproveitamento, \u00e9 essencial armazenar as sementes de forma adequada. Mantenha-as em potes ou envelopes, em um local fresco e seco, at\u00e9 que estejam prontas para o pr\u00f3ximo plantio. Esse cuidado no armazenamento prolonga a viabilidade das sementes, evitando que percam suas propriedades ao longo do tempo. \u00a0&#13;\n<\/p>\n<p>Al\u00e9m disso, a sele\u00e7\u00e3o das melhores sementes \u00e9 crucial. Escolha aquelas que v\u00eam de plantas saud\u00e1veis e produtivas, com boa adapta\u00e7\u00e3o ao seu ambiente, para garantir o m\u00e1ximo aproveitamento na pr\u00f3xima colheita. Ao aplicar essas pr\u00e1ticas, voc\u00ea n\u00e3o s\u00f3 promove um cultivo mais eficiente, mas tamb\u00e9m apoia um sistema de agricultura mais sustent\u00e1vel e consciente. \u201cReutilizar sementes \u00e9 uma excelente forma de promover a sustentabilidade e a economia em seus projetos de jardinagem ou agricultura\u201d, comenta, em uma publica\u00e7\u00e3o na rede social LinkedIn.<br \/>&#13;<br \/>\n\u00a0<\/p>\n<\/p><\/div>\n<\/p><\/div>\n<p><script data-cfasync=\"false\">\n    !function (f, b, e, v, n, t, s) {\n        if (f.fbq) return; n = f.fbq = function () {\n            n.callMethod ?\n                n.callMethod.apply(n, arguments) : n.queue.push(arguments)\n        };\n        if (!f._fbq) f._fbq = n; n.push = n; n.loaded = !0; n.version = '2.0';\n        n.queue = []; t = b.createElement(e); t.async = !0;\n        t.src = v; s = b.getElementsByTagName(e)[0];\n        s.parentNode.insertBefore(t, s)\n    }(window, document, 'script',\n        'https:\/\/connect.facebook.net\/en_US\/fbevents.js');\n    fbq('init', '522546078623747');\n    fbq('track', 'PageView');\n<\/script><br \/>\n<br \/><br \/>\n<br \/><a href=\"https:\/\/www.agrolink.com.br\/noticias\/reutilizacao-de-sementes-e-sustentavel-para-jardinagem_499093.html\">Source link <\/a><\/p>\n","protected":false},"excerpt":{"rendered":"<p>&#13; \u00c9 essencial armazenar as sementes de forma adequada&#13; &#13; Agrolink&#13; &#13; &#8211; Leonardo Gottems&#13; &#13; Publicado em 06\/02\/2025 \u00e0s<\/p>\n","protected":false},"author":1,"featured_media":9223,"comment_status":"open","ping_status":"open","sticky":false,"template":"","format":"standard","meta":{"_monsterinsights_skip_tracking":false,"_monsterinsights_sitenote_active":false,"_monsterinsights_sitenote_note":"","_monsterinsights_sitenote_category":0,"_uf_show_specific_survey":0,"_uf_disable_surveys":false,"footnotes":""},"categories":[8,1,14],"tags":[],"class_list":["post-9222","post","type-post","status-publish","format-standard","has-post-thumbnail","hentry","category-agro","category-news","category-politica-agro"],"_links":{"self":[{"href":"https:\/\/agromt.news\/index.php?rest_route=\/wp\/v2\/posts\/9222"}],"collection":[{"href":"https:\/\/agromt.news\/index.php?rest_route=\/wp\/v2\/posts"}],"about":[{"href":"https:\/\/agromt.news\/index.php?rest_route=\/wp\/v2\/types\/post"}],"author":[{"embeddable":true,"href":"https:\/\/agromt.news\/index.php?rest_route=\/wp\/v2\/users\/1"}],"replies":[{"embeddable":true,"href":"https:\/\/agromt.news\/index.php?rest_route=%2Fwp%2Fv2%2Fcomments&post=9222"}],"version-history":[{"count":0,"href":"https:\/\/agromt.news\/index.php?rest_route=\/wp\/v2\/posts\/9222\/revisions"}],"wp:featuredmedia":[{"embeddable":true,"href":"https:\/\/agromt.news\/index.php?rest_route=\/wp\/v2\/media\/9223"}],"wp:attachment":[{"href":"https:\/\/agromt.news\/index.php?rest_route=%2Fwp%2Fv2%2Fmedia&parent=9222"}],"wp:term":[{"taxonomy":"category","embeddable":true,"href":"https:\/\/agromt.news\/index.php?rest_route=%2Fwp%2Fv2%2Fcategories&post=9222"},{"taxonomy":"post_tag","embeddable":true,"href":"https:\/\/agromt.news\/index.php?rest_route=%2Fwp%2Fv2%2Ftags&post=9222"}],"curies":[{"name":"wp","href":"https:\/\/api.w.org\/{rel}","templated":true}]}}