{"id":9219,"date":"2025-02-06T20:37:19","date_gmt":"2025-02-07T00:37:19","guid":{"rendered":"https:\/\/agromt.news\/?p=9219"},"modified":"2025-02-06T20:37:19","modified_gmt":"2025-02-07T00:37:19","slug":"soja-encerra-pregao-da-quarta-feira-em-baixa","status":"publish","type":"post","link":"https:\/\/agromt.news\/?p=9219","title":{"rendered":"Soja encerra preg\u00e3o da quarta-feira em baixa"},"content":{"rendered":"<p> <br \/>\n<\/p>\n<div>\n<p>A <a href=\"https:\/\/www.agrolink.com.br\/culturas\/soja?utm_source=agrolink-detalhe-noticia&amp;utm_medium=detalhe-noticia&amp;utm_campaign=links-internos\" target=\"_blank\" rel=\"noopener\">soja<\/a> negociada na Bolsa de Chicago (CBOT) encerrou o preg\u00e3o desta quarta-feira em baixa, pressionada pela falta de avan\u00e7os nas negocia\u00e7\u00f5es comerciais entre Estados Unidos e China e pela melhora clim\u00e1tica na Argentina. Segundo a TF Agroecon\u00f4mica, o contrato de <a href=\"https:\/\/www.agrolink.com.br\/culturas\/soja?utm_source=agrolink-detalhe-noticia&amp;utm_medium=detalhe-noticia&amp;utm_campaign=links-internos\" target=\"_blank\" rel=\"noopener\">soja<\/a> para mar\u00e7o, refer\u00eancia para a safra brasileira, recuou 1,67%, ou 18,00 cents\/bushel, cotado a $1057,00. O vencimento de maio caiu 1,45%, para $1072,25\/bushel. O farelo de <a href=\"https:\/\/www.agrolink.com.br\/culturas\/soja?utm_source=agrolink-detalhe-noticia&amp;utm_medium=detalhe-noticia&amp;utm_campaign=links-internos\" target=\"_blank\" rel=\"noopener\">soja<\/a> tamb\u00e9m registrou queda de 1,82%, a $308,3\/ton curta, enquanto o \u00f3leo de <a href=\"https:\/\/www.agrolink.com.br\/culturas\/soja?utm_source=agrolink-detalhe-noticia&amp;utm_medium=detalhe-noticia&amp;utm_campaign=links-internos\" target=\"_blank\" rel=\"noopener\">soja<\/a> perdeu 1,46%, sendo negociado a $45,09\/libra-peso. \u00a0&#13;\n<\/p>\n<p>Ap\u00f3s dois dias de alta impulsionada por um otimismo moment\u00e2neo, o mercado ajustou posi\u00e7\u00f5es diante da aus\u00eancia de di\u00e1logo direto entre os presidentes dos EUA e da China, reduzindo expectativas de um al\u00edvio na guerra tarif\u00e1ria. Apesar de os gr\u00e3os n\u00e3o estarem na lista de produtos taxados pela China, a incerteza comercial pesou sobre os pre\u00e7os. Al\u00e9m disso, a demanda global se volta para a safra brasileira, que pode exportar entre 8,30 e 11,24 milh\u00f5es de toneladas de soja em fevereiro, segundo a ANEC. \u00a0<\/p>\n<p>O Rabobank refor\u00e7ou a perspectiva de uma supersafra no Brasil, estimando a produ\u00e7\u00e3o em 169,988 milh\u00f5es de toneladas. O banco destacou que, apesar de alguns focos de seca, as condi\u00e7\u00f5es clim\u00e1ticas melhoraram em rela\u00e7\u00e3o ao ciclo anterior, sustentando a proje\u00e7\u00e3o de uma colheita recorde. Esse cen\u00e1rio fortalece a concorr\u00eancia brasileira no mercado internacional e limita as rea\u00e7\u00f5es de alta em Chicago. \u00a0&#13;\n<\/p>\n<p>Outro fator de press\u00e3o sobre as cota\u00e7\u00f5es foi o retorno das chuvas em \u00e1reas cr\u00edticas da Argentina. Ap\u00f3s um per\u00edodo de estresse h\u00eddrico, as precipita\u00e7\u00f5es trouxeram al\u00edvio para as lavouras, reduzindo preocupa\u00e7\u00f5es com perdas produtivas e adicionando um fator baixista ao mercado.<br \/>&#13;<br \/>\n\u00a0<\/p>\n<\/p><\/div>\n<p><script data-cfasync=\"false\">\n    !function (f, b, e, v, n, t, s) {\n        if (f.fbq) return; n = f.fbq = function () {\n            n.callMethod ?\n                n.callMethod.apply(n, arguments) : n.queue.push(arguments)\n        };\n        if (!f._fbq) f._fbq = n; n.push = n; n.loaded = !0; n.version = '2.0';\n        n.queue = []; t = b.createElement(e); t.async = !0;\n        t.src = v; s = b.getElementsByTagName(e)[0];\n        s.parentNode.insertBefore(t, s)\n    }(window, document, 'script',\n        'https:\/\/connect.facebook.net\/en_US\/fbevents.js');\n    fbq('init', '522546078623747');\n    fbq('track', 'PageView');\n<\/script><br \/>\n<br \/><br \/>\n<br \/><a href=\"https:\/\/www.agrolink.com.br\/noticias\/soja-encerra-pregao-da-quarta-feira-em-baixa_499094.html\">Source link <\/a><\/p>\n","protected":false},"excerpt":{"rendered":"<p>A soja negociada na Bolsa de Chicago (CBOT) encerrou o preg\u00e3o desta quarta-feira em baixa, pressionada pela falta de avan\u00e7os<\/p>\n","protected":false},"author":1,"featured_media":6757,"comment_status":"open","ping_status":"open","sticky":false,"template":"","format":"standard","meta":{"_monsterinsights_skip_tracking":false,"_monsterinsights_sitenote_active":false,"_monsterinsights_sitenote_note":"","_monsterinsights_sitenote_category":0,"_uf_show_specific_survey":0,"_uf_disable_surveys":false,"footnotes":""},"categories":[8,1,14],"tags":[],"class_list":["post-9219","post","type-post","status-publish","format-standard","has-post-thumbnail","hentry","category-agro","category-news","category-politica-agro"],"_links":{"self":[{"href":"https:\/\/agromt.news\/index.php?rest_route=\/wp\/v2\/posts\/9219"}],"collection":[{"href":"https:\/\/agromt.news\/index.php?rest_route=\/wp\/v2\/posts"}],"about":[{"href":"https:\/\/agromt.news\/index.php?rest_route=\/wp\/v2\/types\/post"}],"author":[{"embeddable":true,"href":"https:\/\/agromt.news\/index.php?rest_route=\/wp\/v2\/users\/1"}],"replies":[{"embeddable":true,"href":"https:\/\/agromt.news\/index.php?rest_route=%2Fwp%2Fv2%2Fcomments&post=9219"}],"version-history":[{"count":0,"href":"https:\/\/agromt.news\/index.php?rest_route=\/wp\/v2\/posts\/9219\/revisions"}],"wp:featuredmedia":[{"embeddable":true,"href":"https:\/\/agromt.news\/index.php?rest_route=\/wp\/v2\/media\/6757"}],"wp:attachment":[{"href":"https:\/\/agromt.news\/index.php?rest_route=%2Fwp%2Fv2%2Fmedia&parent=9219"}],"wp:term":[{"taxonomy":"category","embeddable":true,"href":"https:\/\/agromt.news\/index.php?rest_route=%2Fwp%2Fv2%2Fcategories&post=9219"},{"taxonomy":"post_tag","embeddable":true,"href":"https:\/\/agromt.news\/index.php?rest_route=%2Fwp%2Fv2%2Ftags&post=9219"}],"curies":[{"name":"wp","href":"https:\/\/api.w.org\/{rel}","templated":true}]}}