{"id":9211,"date":"2025-02-06T19:01:40","date_gmt":"2025-02-06T23:01:40","guid":{"rendered":"https:\/\/agromt.news\/?p=9211"},"modified":"2025-02-06T19:01:40","modified_gmt":"2025-02-06T23:01:40","slug":"acordo-podera-impulsionar-agricultura-irrigada-na-bahia","status":"publish","type":"post","link":"https:\/\/agromt.news\/?p=9211","title":{"rendered":"Acordo poder\u00e1 impulsionar agricultura irrigada na Bahia"},"content":{"rendered":"<p> <br \/>\n<\/p>\n<div>\n<p>Foi assinado nesta quarta-feira (5), em Bras\u00edlia (DF), um Acordo de Coopera\u00e7\u00e3o T\u00e9cnica (ACT) entre os Minist\u00e9rios da Agricultura e Pecu\u00e1ria (Mapa), de Minas e Energia (MME) e da Integra\u00e7\u00e3o e do Desenvolvimento Regional, considerado um avan\u00e7o estrat\u00e9gico para o <strong>fortalecimento da agricultura irrigada no Brasil.<\/strong><\/p>\n<p>De acordo com o Mapa, o pacto visa superar desafios como infraestrutura energ\u00e9tica insuficiente e a necessidade de maior ado\u00e7\u00e3o de tecnologias sustent\u00e1veis, alinhadas ao Plano ABC+ (Agricultura de Baixa Emiss\u00e3o de Carbono), em conson\u00e2ncia com a Pol\u00edtica Nacional de Irriga\u00e7\u00e3o (Lei n\u00ba 12.787\/2013).<\/p>\n<p>No evento, o setor agropecu\u00e1rio baiano esteve representado pela presidente da Associa\u00e7\u00e3o Baiana dos Produtores de Algod\u00e3o (Abapa), Alessandra Zanotto Costa, e pelo diretor da Associa\u00e7\u00e3o de Agricultores e Irrigantes da Bahia (Aiba), Marcel Sander, refor\u00e7ando o compromisso do estado com a amplia\u00e7\u00e3o sustent\u00e1vel da irriga\u00e7\u00e3o.<\/p>\n<p><a href=\"https:\/\/www.canalrural.com.br\/nacional\/bahia\/oeste-da-bahia-se-torna-o-maior-polo-de-irrigacao-por-pivos-centrais-do-brasil\/\">A Bahia, que recentemente se tornou o maior polo de irriga\u00e7\u00e3o do pa\u00eds<\/a>, se destaca na produ\u00e7\u00e3o agr\u00edcola e na utiliza\u00e7\u00e3o da irriga\u00e7\u00e3o respons\u00e1vel como ferramenta para aumento da produtividade, poder\u00e1 se beneficiar diretamente da iniciativa. <\/p>\n<p>Com um potencial significativo para expandir as \u00e1reas irrigadas, a expectativa \u00e9 de que a medida contribua para maior efici\u00eancia no uso da \u00e1gua e da energia, al\u00e9m da gera\u00e7\u00e3o de empregos e fortalecimento da seguran\u00e7a alimentar.<\/p>\n<blockquote class=\"wp-block-quote is-layout-flow wp-block-quote-is-layout-flow\">\n<p>\u201cEste ACT que assinamos demonstra que o governo tem uma estrat\u00e9gia clara para crescer, desenvolver e gerar oportunidades para o bem de toda a popula\u00e7\u00e3o brasileira. Vamos expandir a agricultura irrigada no Brasil de forma sustent\u00e1vel, promovendo inclus\u00e3o socioecon\u00f4mica e seguran\u00e7a energ\u00e9tica\u201d, ressaltou o ministro da Agricultura, Carlos F\u00e1varo.<\/p>\n<\/blockquote>\n<figure class=\"wp-block-image size-large\"><img fetchpriority=\"high\" decoding=\"async\" width=\"1024\" height=\"683\" alt=\"Agricultura irrigada e seguran\u00e7a energ\u00e9tica: pacto assinado pelo governo federal impulsiona setor no Brasil e na Bahia\" class=\"wp-image-4086544\"  data-lazy- src=\"https:\/\/agromt.news\/wp-content\/uploads\/2025\/02\/Acordo-podera-impulsionar-agricultura-irrigada-na-Bahia.jpg\"\/><img decoding=\"async\" width=\"1024\" height=\"683\" src=\"https:\/\/agromt.news\/wp-content\/uploads\/2025\/02\/Acordo-podera-impulsionar-agricultura-irrigada-na-Bahia.jpg\" alt=\"Agricultura irrigada e seguran\u00e7a energ\u00e9tica: pacto assinado pelo governo federal impulsiona setor no Brasil e na Bahia\" class=\"wp-image-4086544\"  \/><figcaption class=\"wp-element-caption\">Foto: Divulga\u00e7\u00e3o\/ Mapa<\/figcaption><\/figure>\n<p>Mesmo em <a href=\"https:\/\/www.canalrural.com.br\/agricultura\/brasil-propoe-uniao-de-seis-paises-para-melhorar-remuneracao-ao-produtor-de-cacau\/\">miss\u00e3o oficial na \u00c1frica Ocidental<\/a>, onde acompanha uma agenda estrat\u00e9gica ao lado da ApexBrasil, do Itamaraty e do Minist\u00e9rio da Agricultura, o presidente da Aiba, Mois\u00e9s Schmidt, ressaltou a import\u00e2ncia do acordo firmado. <\/p>\n<\/div>\n<div>\n<p>\u201cEsse pacto representa um avan\u00e7o fundamental para a irriga\u00e7\u00e3o e a seguran\u00e7a energ\u00e9tica do pa\u00eds, e certamente ter\u00e1 impacto positivo para a agricultura baiana. A integra\u00e7\u00e3o entre esses setores \u00e9 essencial para o desenvolvimento sustent\u00e1vel da nossa produ\u00e7\u00e3o\u201d, afirmou.<\/p>\n<h2 class=\"wp-block-heading\" id=\"h-expansao-da-agricultura-irrigada\">Expans\u00e3o da agricultura irrigada<\/h2>\n<p>No Brasil, atualmente,<strong> 8,5 milh\u00f5es de hectares s\u00e3o utilizados para irriga\u00e7\u00e3o<\/strong>. De acordo com o Mapa, condi\u00e7\u00e3o muito abaixo do potencial de 54 milh\u00f5es de hectares. <\/p>\n<p>A expans\u00e3o da agricultura irrigada \u00e9 vista como uma ferramenta estrat\u00e9gica para o aumento da produtividade agr\u00edcola, com a possibilidade de cultivar at\u00e9 tr\u00eas safras anuais na mesma \u00e1rea. <\/p>\n<p>O Mapa informou que a amplia\u00e7\u00e3o do setor tamb\u00e9m traz benef\u00edcios socioecon\u00f4micos, como a cria\u00e7\u00e3o de at\u00e9 <strong>1,2 empregos por hectare irrigado<\/strong> e a melhoria da renda dos produtores rurais.<\/p>\n<p>Al\u00e9m disso, durante o evento tamb\u00e9m foi lan\u00e7ada, a Alian\u00e7a pelo Desenvolvimento Energ\u00e9tico dos Polos e dos Projetos de Irriga\u00e7\u00e3o do Brasil, entre os Minist\u00e9rios da Agricultura e Pecu\u00e1ria (Mapa); da Integra\u00e7\u00e3o e do Desenvolvimento Regional (MIDR); e o Minist\u00e9rio de Minas e Energia (MME).<\/p>\n<p>\u2018Vamos levar nossa energia de forma ainda mais robusta \u00e0s lavouras e incentivar os agricultores a irrigarem suas culturas de maneira mais eficaz, aproveitando melhor a \u00e1gua e a luz do sol para aumentar a produtividade no campo\u201d, destacou o ministro de Minas e Energia, Alexandre Silveira.<\/p>\n<hr class=\"wp-block-separator has-alpha-channel-opacity\"\/>\n<p><em>Siga o\u00a0<a href=\"https:\/\/www.instagram.com\/canalruralbahia\/\">Canal Rural Bahia no Instagram<\/a>! Voc\u00ea tamb\u00e9m pode participar deixando uma sugest\u00e3o de pauta. Clique\u00a0<a href=\"https:\/\/wa.me\/5577999455066\"><strong>aqui<\/strong><\/a>\u00a0e envie uma mensagem para o nosso WhatsApp<\/em>!<\/p>\n<\/p><\/div>\n<p><script async src=\"\/\/www.instagram.com\/embed.js\"><\/script><br \/>\n<br \/><br \/>\n<br \/><a href=\"https:\/\/www.canalrural.com.br\/nacional\/bahia\/acordo-impulsionara-agricultura-irrigada-na-bahia\/\">Source link <\/a><\/p>\n","protected":false},"excerpt":{"rendered":"<p>Foi assinado nesta quarta-feira (5), em Bras\u00edlia (DF), um Acordo de Coopera\u00e7\u00e3o T\u00e9cnica (ACT) entre os Minist\u00e9rios da Agricultura e<\/p>\n","protected":false},"author":1,"featured_media":9212,"comment_status":"open","ping_status":"open","sticky":false,"template":"","format":"standard","meta":{"_monsterinsights_skip_tracking":false,"_monsterinsights_sitenote_active":false,"_monsterinsights_sitenote_note":"","_monsterinsights_sitenote_category":0,"_uf_show_specific_survey":0,"_uf_disable_surveys":false,"footnotes":""},"categories":[1],"tags":[],"class_list":["post-9211","post","type-post","status-publish","format-standard","has-post-thumbnail","hentry","category-news"],"_links":{"self":[{"href":"https:\/\/agromt.news\/index.php?rest_route=\/wp\/v2\/posts\/9211"}],"collection":[{"href":"https:\/\/agromt.news\/index.php?rest_route=\/wp\/v2\/posts"}],"about":[{"href":"https:\/\/agromt.news\/index.php?rest_route=\/wp\/v2\/types\/post"}],"author":[{"embeddable":true,"href":"https:\/\/agromt.news\/index.php?rest_route=\/wp\/v2\/users\/1"}],"replies":[{"embeddable":true,"href":"https:\/\/agromt.news\/index.php?rest_route=%2Fwp%2Fv2%2Fcomments&post=9211"}],"version-history":[{"count":0,"href":"https:\/\/agromt.news\/index.php?rest_route=\/wp\/v2\/posts\/9211\/revisions"}],"wp:featuredmedia":[{"embeddable":true,"href":"https:\/\/agromt.news\/index.php?rest_route=\/wp\/v2\/media\/9212"}],"wp:attachment":[{"href":"https:\/\/agromt.news\/index.php?rest_route=%2Fwp%2Fv2%2Fmedia&parent=9211"}],"wp:term":[{"taxonomy":"category","embeddable":true,"href":"https:\/\/agromt.news\/index.php?rest_route=%2Fwp%2Fv2%2Fcategories&post=9211"},{"taxonomy":"post_tag","embeddable":true,"href":"https:\/\/agromt.news\/index.php?rest_route=%2Fwp%2Fv2%2Ftags&post=9211"}],"curies":[{"name":"wp","href":"https:\/\/api.w.org\/{rel}","templated":true}]}}