{"id":921,"date":"2024-08-29T18:38:34","date_gmt":"2024-08-29T22:38:34","guid":{"rendered":"https:\/\/agromt.news\/?p=921"},"modified":"2024-08-29T18:38:34","modified_gmt":"2024-08-29T22:38:34","slug":"onda-de-calor-vai-trazer-clima-de-deserto-ao-brasil-mas-ja-tem-nova-frente-fria-no-radar","status":"publish","type":"post","link":"https:\/\/agromt.news\/?p=921","title":{"rendered":"Onda de calor vai trazer clima de deserto ao Brasil, mas j\u00e1 tem nova frente fria no radar"},"content":{"rendered":"<p> <br \/>\n<\/p>\n<div>\n<p>Uma nova massa de ar quente e seco vai se estabelecer sobre o Brasil no decorrer da primeira semana de setembro. A previs\u00e3o indica que a onda de calor inicie a partir de segunda-feira (2).<\/p>\n<p>As ondas de calor nesta \u00e9poca do ano e no decorrer do m\u00eas de setembro j\u00e1 s\u00e3o comuns em grande parte do pa\u00eds, principalmente em \u00e1reas do Brasil Central e no Centro-Oeste. No entanto, nos \u00faltimos anos, elas t\u00eam ficado cada vez mais intensas, precoces e longas.<\/p>\n<p>Desta forma, os modelos meteorol\u00f3gicos indicam que, desta vez, o per\u00edodo com os term\u00f4metros nas alturas ser\u00e1 maior. Assim, \u00e9 poss\u00edvel que em algumas \u00e1reas o calor ainda persista at\u00e9 meados da segunda quinzena do m\u00eas.<\/p>\n<\/div>\n<div>\n<p>Acompanhado do calor, a expectativa \u00e9 de chegada de chuva sobre a maioria destas \u00e1reas apenas entre a segunda quinzena de setembro e o in\u00edcio de outubro.<\/p>\n<h2 class=\"wp-block-heading\" id=\"h-onda-de-calor-no-inverno\">Onda de calor no inverno?<\/h2>\n<figure class=\"wp-block-image size-large\"><img fetchpriority=\"high\" decoding=\"async\" width=\"1024\" height=\"1024\" alt=\"onda de calor\" class=\"wp-image-4065203\"  data-lazy- src=\"https:\/\/agromt.news\/wp-content\/uploads\/2024\/08\/Onda-de-calor-vai-trazer-clima-de-deserto-ao-Brasil.jpg\"\/><img decoding=\"async\" width=\"1024\" height=\"1024\" src=\"https:\/\/agromt.news\/wp-content\/uploads\/2024\/08\/Onda-de-calor-vai-trazer-clima-de-deserto-ao-Brasil.jpg\" alt=\"onda de calor\" class=\"wp-image-4065203\"  \/><figcaption class=\"wp-element-caption\">Foto: Divulga\u00e7\u00e3o Climatempo <\/figcaption><\/figure>\n<p>A primavera inicia oficialmente em 22 de setembro e se estende at\u00e9 21 de dezembro. A reta final do inverno vai ser marcada por muito calor no pa\u00eds, o que n\u00e3o \u00e9 at\u00edpico. Assim, o per\u00edodo de insola\u00e7\u00e3o \u00e9 maior no per\u00edodo, com radia\u00e7\u00e3o solar mais intensa. <\/p>\n<p>De acordo com a <strong><a href=\"https:\/\/www.climatempo.com.br\/\">Climatempo<\/a><\/strong>, com a aproxima\u00e7\u00e3o do equin\u00f3cio da primavera, o tempo vai continuar seco, ainda com condi\u00e7\u00f5es h\u00eddricas de inverno, o que favorece o maior aquecimento do solo e do ar tamb\u00e9m. Isso tudo somado aos dias cada vez mais longos faz com o que o ar quente ganhe cada vez mais for\u00e7a.<\/p>\n<h2 class=\"wp-block-heading\" id=\"h-primeira-frente-fria-de-setembro\">Primeira frente fria de setembro<\/h2>\n<p>A primeira forte frente fria de setembro deve avan\u00e7ar apenas a partir de 19 de setembro, come\u00e7ando a movimentar a atmosfera e trazendo ar mais frio, reduzindo o calor em alguns estados, de acordo com Stefanie. <\/p>\n<p>Por\u00e9m, at\u00e9 l\u00e1, a maior parte do Brasil deve enfrentar dias de calor extremo com \u00edndices muito baixos de umidade do ar, <strong>similares aos de regi\u00f5es des\u00e9rticas<\/strong>, o que agrava ainda mais a <strong><a href=\"https:\/\/www.canalrural.com.br\/sustentabilidade\/pantanal-incendios-ja-consumiram-mais-de-15-do-bioma-em-2024\/\">situa\u00e7\u00e3o de queimadas sobre o Brasil Central<\/a><\/strong>.<\/p>\n<h2 class=\"wp-block-heading\" id=\"h-alerta-de-baixa-umidade\">Alerta de baixa umidade<\/h2>\n<p>A umidade do ar ainda pode atingir valores em emerg\u00eancia \u2013 abaixo dos <strong>12%<\/strong> em muitas cidades do sul de Mato Grosso, interior de S\u00e3o Paulo, Tri\u00e2ngulo de Minas Gerais, centro-norte, nordeste de Mato Grosso do Sul e sul de Goi\u00e1s.<\/p>\n<p>Com a condi\u00e7\u00e3o de tempo seco e a atmosfera \u201cparada\u201d, a concentra\u00e7\u00e3o de poluentes tamb\u00e9m aumenta e a qualidade do ar deve ficar bem prejudicada no decorrer dos pr\u00f3ximos dias.<\/p>\n<p>Segundo a Climatempo, esta onda de calor deve ser mais forte que as duas primeiras do come\u00e7o de 2024 (em mar\u00e7o\/abril e maio), em termo de dura\u00e7\u00e3o e de temperaturas. Assim, os limiares podem extrapolar em muitas cidades, principalmente do interior do pa\u00eds.<\/p>\n<\/div>\n<p><br \/>\n<br \/><a href=\"https:\/\/www.canalrural.com.br\/tempo\/onda-de-calor-vai-trazer-clima-de-deserto-ao-brasil-mas-ja-tem-nova-frente-fria-no-radar\/\">Source link <\/a><\/p>\n","protected":false},"excerpt":{"rendered":"<p>Uma nova massa de ar quente e seco vai se estabelecer sobre o Brasil no decorrer da primeira semana de<\/p>\n","protected":false},"author":1,"featured_media":922,"comment_status":"open","ping_status":"open","sticky":false,"template":"","format":"standard","meta":{"_monsterinsights_skip_tracking":false,"_monsterinsights_sitenote_active":false,"_monsterinsights_sitenote_note":"","_monsterinsights_sitenote_category":0,"_uf_show_specific_survey":0,"_uf_disable_surveys":false,"footnotes":""},"categories":[1],"tags":[],"class_list":["post-921","post","type-post","status-publish","format-standard","has-post-thumbnail","hentry","category-news"],"_links":{"self":[{"href":"https:\/\/agromt.news\/index.php?rest_route=\/wp\/v2\/posts\/921"}],"collection":[{"href":"https:\/\/agromt.news\/index.php?rest_route=\/wp\/v2\/posts"}],"about":[{"href":"https:\/\/agromt.news\/index.php?rest_route=\/wp\/v2\/types\/post"}],"author":[{"embeddable":true,"href":"https:\/\/agromt.news\/index.php?rest_route=\/wp\/v2\/users\/1"}],"replies":[{"embeddable":true,"href":"https:\/\/agromt.news\/index.php?rest_route=%2Fwp%2Fv2%2Fcomments&post=921"}],"version-history":[{"count":0,"href":"https:\/\/agromt.news\/index.php?rest_route=\/wp\/v2\/posts\/921\/revisions"}],"wp:featuredmedia":[{"embeddable":true,"href":"https:\/\/agromt.news\/index.php?rest_route=\/wp\/v2\/media\/922"}],"wp:attachment":[{"href":"https:\/\/agromt.news\/index.php?rest_route=%2Fwp%2Fv2%2Fmedia&parent=921"}],"wp:term":[{"taxonomy":"category","embeddable":true,"href":"https:\/\/agromt.news\/index.php?rest_route=%2Fwp%2Fv2%2Fcategories&post=921"},{"taxonomy":"post_tag","embeddable":true,"href":"https:\/\/agromt.news\/index.php?rest_route=%2Fwp%2Fv2%2Ftags&post=921"}],"curies":[{"name":"wp","href":"https:\/\/api.w.org\/{rel}","templated":true}]}}