{"id":9201,"date":"2025-02-06T16:48:38","date_gmt":"2025-02-06T20:48:38","guid":{"rendered":"https:\/\/agromt.news\/?p=9201"},"modified":"2025-02-06T16:48:38","modified_gmt":"2025-02-06T20:48:38","slug":"inmet-publica-alerta-de-perigo-a-dois-estados-por-onda-de-calor","status":"publish","type":"post","link":"https:\/\/agromt.news\/?p=9201","title":{"rendered":"Inmet publica alerta de perigo a dois estados por onda de calor"},"content":{"rendered":"<p> <br \/>\n<\/p>\n<div>\n<p>O Instituto Nacional de Meteorologia (Inmet) publicou nesta quinta-feira (6) aviso de perigo para onda de calor em \u00e1reas ao leste do <strong><a href=\"https:\/\/www.canalrural.com.br\/nacional\/rio-grande-do-sul\/\">Rio Grande do Sul<\/a><\/strong> e de Santa Catarina (veja mapa abaixo).<\/p>\n<\/div>\n<div>\n<p>O alerta se refere ao pr\u00f3ximo s\u00e1bado (8), com in\u00edcio \u00e0s 11h e se estende at\u00e9 segunda-feira (10), com fim \u00e0s 16h, mas tem chances de durar at\u00e9 quinta-feira (13). De acordo com o \u00f3rg\u00e3o, a temperatura estar\u00e1 5\u00b0C acima da m\u00e9dia. <\/p>\n<figure class=\"wp-block-image size-full\"><img fetchpriority=\"high\" decoding=\"async\" width=\"646\" height=\"516\" alt=\"onda calor alerta laranja Inmet\" class=\"wp-image-4086503\"  data-lazy- src=\"https:\/\/agromt.news\/wp-content\/uploads\/2025\/02\/Inmet-publica-alerta-de-perigo-a-dois-estados-por-onda.jpg\"\/><img decoding=\"async\" width=\"646\" height=\"516\" src=\"https:\/\/agromt.news\/wp-content\/uploads\/2025\/02\/Inmet-publica-alerta-de-perigo-a-dois-estados-por-onda.jpg\" alt=\"onda calor alerta laranja Inmet\" class=\"wp-image-4086503\"  \/><figcaption class=\"wp-element-caption\">Foto: Reprodu\u00e7\u00e3o<\/figcaption><\/figure>\n<p>De acordo com o Inmet, as \u00e1reas mais afetadas s\u00e3o: Grande Florian\u00f3polis, Regi\u00e3o Metropolitana de Porto Alegre, sul catarinense, sudeste rio-grandense, Vale do Itaja\u00ed, nordeste rio-grandense e o norte catarinense.<\/p>\n<\/p><\/div>\n<p><br \/>\n<br \/><a href=\"https:\/\/www.canalrural.com.br\/tempo\/inmet-publica-alerta-de-perigo-a-dois-estados-por-onda-de-calor\/\">Source link <\/a><\/p>\n","protected":false},"excerpt":{"rendered":"<p>O Instituto Nacional de Meteorologia (Inmet) publicou nesta quinta-feira (6) aviso de perigo para onda de calor em \u00e1reas ao<\/p>\n","protected":false},"author":1,"featured_media":7850,"comment_status":"open","ping_status":"open","sticky":false,"template":"","format":"standard","meta":{"_monsterinsights_skip_tracking":false,"_monsterinsights_sitenote_active":false,"_monsterinsights_sitenote_note":"","_monsterinsights_sitenote_category":0,"_uf_show_specific_survey":0,"_uf_disable_surveys":false,"footnotes":""},"categories":[1],"tags":[],"class_list":["post-9201","post","type-post","status-publish","format-standard","has-post-thumbnail","hentry","category-news"],"_links":{"self":[{"href":"https:\/\/agromt.news\/index.php?rest_route=\/wp\/v2\/posts\/9201"}],"collection":[{"href":"https:\/\/agromt.news\/index.php?rest_route=\/wp\/v2\/posts"}],"about":[{"href":"https:\/\/agromt.news\/index.php?rest_route=\/wp\/v2\/types\/post"}],"author":[{"embeddable":true,"href":"https:\/\/agromt.news\/index.php?rest_route=\/wp\/v2\/users\/1"}],"replies":[{"embeddable":true,"href":"https:\/\/agromt.news\/index.php?rest_route=%2Fwp%2Fv2%2Fcomments&post=9201"}],"version-history":[{"count":0,"href":"https:\/\/agromt.news\/index.php?rest_route=\/wp\/v2\/posts\/9201\/revisions"}],"wp:featuredmedia":[{"embeddable":true,"href":"https:\/\/agromt.news\/index.php?rest_route=\/wp\/v2\/media\/7850"}],"wp:attachment":[{"href":"https:\/\/agromt.news\/index.php?rest_route=%2Fwp%2Fv2%2Fmedia&parent=9201"}],"wp:term":[{"taxonomy":"category","embeddable":true,"href":"https:\/\/agromt.news\/index.php?rest_route=%2Fwp%2Fv2%2Fcategories&post=9201"},{"taxonomy":"post_tag","embeddable":true,"href":"https:\/\/agromt.news\/index.php?rest_route=%2Fwp%2Fv2%2Ftags&post=9201"}],"curies":[{"name":"wp","href":"https:\/\/api.w.org\/{rel}","templated":true}]}}