{"id":9200,"date":"2025-02-06T16:27:34","date_gmt":"2025-02-06T20:27:34","guid":{"rendered":"https:\/\/agromt.news\/?p=9200"},"modified":"2025-02-06T16:27:34","modified_gmt":"2025-02-06T20:27:34","slug":"milho-fecha-em-alta-com-disputa","status":"publish","type":"post","link":"https:\/\/agromt.news\/?p=9200","title":{"rendered":"Milho fecha em alta com disputa"},"content":{"rendered":"<p> <br \/>\n<\/p>\n<div>\n<p>Na Bolsa de Mercadorias de S\u00e3o Paulo (B3), o <a href=\"https:\/\/www.agrolink.com.br\/culturas\/milho?utm_source=agrolink-detalhe-noticia&amp;utm_medium=detalhe-noticia&amp;utm_campaign=links-internos&#9;\" target=\"_blank\" rel=\"noopener\">milho<\/a> fechou em alta com disputa entre f\u00e1bricas e portos, segundo informa\u00e7\u00f5es da TF Agroecon\u00f4mica. \u201cO <a href=\"https:\/\/www.agrolink.com.br\/culturas\/milho?utm_source=agrolink-detalhe-noticia&amp;utm_medium=detalhe-noticia&amp;utm_campaign=links-internos&#9;\" target=\"_blank\" rel=\"noopener\">milho<\/a> segue firme a tend\u00eancia de alta na B3. Os dados da Anec podem parecer contradit\u00f3rios com a alta, mas refletem bem o momento do <a href=\"https:\/\/www.agrolink.com.br\/culturas\/milho?utm_source=agrolink-detalhe-noticia&amp;utm_medium=detalhe-noticia&amp;utm_campaign=links-internos&#9;\" target=\"_blank\" rel=\"noopener\">milho<\/a> brasileiro\u201d, comenta.&#13;\n<\/p>\n<p>\u201cA ANEC estimou, neste meio de semana, as exporta\u00e7\u00f5es brasileiras de milho em 1,03 milh\u00e3o de toneladas para fevereiro, ante 3,15 milh\u00f5es em janeiro e 724.065 toneladas no mesmo m\u00eas de 2024. Ou seja, mesmo em um momento de redu\u00e7\u00e3o de embarques de milho, dado a prioridade da exporta\u00e7\u00e3o da soja, o Brasil deve comercializar mais milho que em 2024, onde a demanda externa foi mais forte que a atual. Ao longo de 2024 o mercado interno absorveu grande parte do milho produzido.Os portos e a ind\u00fastria est\u00e3o disputando o gr\u00e3o ainda estocado ou rec\u00e9m-colhido, o que tem dado bons valores para a bolsa e o mercado f\u00edsico\u201d, completa.<\/p>\n<p>Diante deste quadro, as cota\u00e7\u00f5es futuras fecharam em baixa no dia. \u201cO vencimento de mar\u00e7o\/25 foi de R$ 77,95 apresentando alta de R$ 1,33 no dia, alta de R$ 2,21 na semana; maio\/25 fechou a R$ 77,28, alta de R$ 0,75 no dia, alta e R$ 1,72 na semana; o vencimento julho\/25fechou a R$ 72,34, alta de R$ 0,50 no dia e alta de R$ 1,22 na semana\u201d, indica.&#13;\n<\/p>\n<p>Em Chicago, o milho fechou de forma mista com falta de acordo entre China e EUA. \u201cA cota\u00e7\u00e3o de mar\u00e7o, refer\u00eancia para a nossa safra de ver\u00e3o, fechou em baixa de -0,25 % ou $ -1,25 cents\/bushel a $ 493,25. A cota\u00e7\u00e3o para maio, fechou est\u00e1vel a $ 504,75. As cota\u00e7\u00f5es do cereal sofreram press\u00e3o do ajuste da soja e do trigo neste meio de semana. O impasse entre a Casa Branca e o Governo chin\u00eas sobre as tarifas tamb\u00e9m pesou sobre os pre\u00e7os\u201d, conclui.<br \/>&#13;<br \/>\n\u00a0<\/p>\n<\/p><\/div>\n<p><script data-cfasync=\"false\">\n    !function (f, b, e, v, n, t, s) {\n        if (f.fbq) return; n = f.fbq = function () {\n            n.callMethod ?\n                n.callMethod.apply(n, arguments) : n.queue.push(arguments)\n        };\n        if (!f._fbq) f._fbq = n; n.push = n; n.loaded = !0; n.version = '2.0';\n        n.queue = []; t = b.createElement(e); t.async = !0;\n        t.src = v; s = b.getElementsByTagName(e)[0];\n        s.parentNode.insertBefore(t, s)\n    }(window, document, 'script',\n        'https:\/\/connect.facebook.net\/en_US\/fbevents.js');\n    fbq('init', '522546078623747');\n    fbq('track', 'PageView');\n<\/script><br \/>\n<br \/><br \/>\n<br \/><a href=\"https:\/\/www.agrolink.com.br\/noticias\/milho-fecha-em-alta-com-disputa_499096.html\">Source link <\/a><\/p>\n","protected":false},"excerpt":{"rendered":"<p>Na Bolsa de Mercadorias de S\u00e3o Paulo (B3), o milho fechou em alta com disputa entre f\u00e1bricas e portos, segundo<\/p>\n","protected":false},"author":1,"featured_media":2158,"comment_status":"open","ping_status":"open","sticky":false,"template":"","format":"standard","meta":{"_monsterinsights_skip_tracking":false,"_monsterinsights_sitenote_active":false,"_monsterinsights_sitenote_note":"","_monsterinsights_sitenote_category":0,"_uf_show_specific_survey":0,"_uf_disable_surveys":false,"footnotes":""},"categories":[8,1,14],"tags":[],"class_list":["post-9200","post","type-post","status-publish","format-standard","has-post-thumbnail","hentry","category-agro","category-news","category-politica-agro"],"_links":{"self":[{"href":"https:\/\/agromt.news\/index.php?rest_route=\/wp\/v2\/posts\/9200"}],"collection":[{"href":"https:\/\/agromt.news\/index.php?rest_route=\/wp\/v2\/posts"}],"about":[{"href":"https:\/\/agromt.news\/index.php?rest_route=\/wp\/v2\/types\/post"}],"author":[{"embeddable":true,"href":"https:\/\/agromt.news\/index.php?rest_route=\/wp\/v2\/users\/1"}],"replies":[{"embeddable":true,"href":"https:\/\/agromt.news\/index.php?rest_route=%2Fwp%2Fv2%2Fcomments&post=9200"}],"version-history":[{"count":0,"href":"https:\/\/agromt.news\/index.php?rest_route=\/wp\/v2\/posts\/9200\/revisions"}],"wp:featuredmedia":[{"embeddable":true,"href":"https:\/\/agromt.news\/index.php?rest_route=\/wp\/v2\/media\/2158"}],"wp:attachment":[{"href":"https:\/\/agromt.news\/index.php?rest_route=%2Fwp%2Fv2%2Fmedia&parent=9200"}],"wp:term":[{"taxonomy":"category","embeddable":true,"href":"https:\/\/agromt.news\/index.php?rest_route=%2Fwp%2Fv2%2Fcategories&post=9200"},{"taxonomy":"post_tag","embeddable":true,"href":"https:\/\/agromt.news\/index.php?rest_route=%2Fwp%2Fv2%2Ftags&post=9200"}],"curies":[{"name":"wp","href":"https:\/\/api.w.org\/{rel}","templated":true}]}}