{"id":9198,"date":"2025-02-06T15:27:02","date_gmt":"2025-02-06T19:27:02","guid":{"rendered":"https:\/\/agromt.news\/?p=9198"},"modified":"2025-02-06T15:27:02","modified_gmt":"2025-02-06T19:27:02","slug":"missao-brasileira-fortalece-mercados-sustentaveis-na-alemanha","status":"publish","type":"post","link":"https:\/\/agromt.news\/?p=9198","title":{"rendered":"Miss\u00e3o brasileira fortalece mercados sustent\u00e1veis na Alemanha"},"content":{"rendered":"<p> <br \/>\n<br \/><img decoding=\"async\" src=\"https:\/\/agromt.news\/wp-content\/uploads\/2025\/02\/Missao-brasileira-fortalece-mercados-sustentaveis-na-Alemanha.jpeg\" \/><\/p>\n<div>\n<p>Uma equipe do <strong><a href=\"https:\/\/www.canalrural.com.br\/tag\/mapa\/\">Minist\u00e9rio da Agricultura e Pecu\u00e1ria (Mapa)<\/a><\/strong> participou do maior evento do setor de frutas e hortali\u00e7as frescas do mundo, a Fruit Logistica 2025. Al\u00e9m de cumprir agenda de reuni\u00f5es com autoridades alem\u00e3s e representantes do setor produtivo, o objetivo da viagem foi fortalecer as rela\u00e7\u00f5es bilaterais, ampliar a presen\u00e7a dos produtos brasileiros no mercado internacional e refor\u00e7ar a imagem do Brasil como refer\u00eancia em sustentabilidade agropecu\u00e1ria.<\/p>\n<p>O Brasil \u00e9 um dos maiores produtores mundiais e se destaca pela qualidade e diversidade de seus produtos. O Mapa destacou o compromisso dos produtores do pa\u00eds com a inova\u00e7\u00e3o e as boas pr\u00e1ticas agr\u00edcolas.<\/p>\n<p>Cerca de 50 empresas do setor estiveram presentes no evento, sob coordena\u00e7\u00e3o da Associa\u00e7\u00e3o Brasileira dos Produtores e Exportadores de Frutas e Derivados (Abrafrutas)<\/p>\n<h2 class=\"wp-block-heading\" id=\"h-encontros\">Encontros<\/h2>\n<p>A delega\u00e7\u00e3o realizou uma reuni\u00e3o com a diretora-geral do Minist\u00e9rio da Agricultura da Alemanha, Swantje Nilsson. A conversa abordou temas como a coopera\u00e7\u00e3o comercial entre os dois pa\u00edses, o Acordo Mercosul-Uni\u00e3o Europeia, o recente foco de <strong><a href=\"https:\/\/www.canalrural.com.br\/tag\/febreaftosa\/\">febre aftosa<\/a><\/strong> e as pr\u00e1ticas sustent\u00e1veis adotadas pelo Brasil.<\/p>\n<p>O secret\u00e1rio de Com\u00e9rcio e Rela\u00e7\u00f5es Internacionais do Mapa, Lu\u00eds Rua, palestrou na 18\u00aa Confer\u00eancia Latino-Americana da Economia Alem\u00e3. Durante a apresenta\u00e7\u00e3o, ele detalhou oportunidades de neg\u00f3cios para investidores alem\u00e3es e destacou iniciativas brasileiras, como o Programa Nacional de Convers\u00e3o de Pastagens Degradadas (PNCPD) e a Lei do Biocombust\u00edvel do Futuro.<\/p>\n<\/div>\n<div>\n<h2 class=\"wp-block-heading\" id=\"h-regulamentacao\">Regulamenta\u00e7\u00e3o<\/h2>\n<p>A delega\u00e7\u00e3o brasileira tamb\u00e9m participou de um encontro sobre o Regulamento Europeu de Cadeias Livres de Desmatamento (EUDR), com representantes dos setores de carne bovina, soja e caf\u00e9.<\/p>\n<p>A Alemanha, maior compradora do caf\u00e9 brasileiro na Europa, tem papel fundamental no com\u00e9rcio do produto, o que refor\u00e7a a import\u00e2ncia do di\u00e1logo sobre as regulamenta\u00e7\u00f5es ambientais e o fortalecimento das exporta\u00e7\u00f5es nacionais.<\/p>\n<h2 class=\"wp-block-heading\" id=\"h-na-midia\">Na m\u00eddia<\/h2>\n<p>Por fim, a miss\u00e3o brasileira realizou uma coletiva com a imprensa alem\u00e3, destacando os avan\u00e7os na redu\u00e7\u00e3o do desmatamento, as pr\u00e1ticas sustent\u00e1veis da agropecu\u00e1ria nacional e o papel do Brasil como fornecedor confi\u00e1vel de alimentos ao mundo.<\/p>\n<p><em>*Com informa\u00e7\u00f5es do Minist\u00e9rio da Agricultura e Pecu\u00e1ria<\/em> <\/p>\n<\/p><\/div>\n<p><br \/>\n<br \/><a href=\"https:\/\/www.canalrural.com.br\/agricultura\/missao-brasileira-fortalece-mercados-sustentaveis-na-alemanha\/\">Source link <\/a><\/p>\n","protected":false},"excerpt":{"rendered":"<p>Uma equipe do Minist\u00e9rio da Agricultura e Pecu\u00e1ria (Mapa) participou do maior evento do setor de frutas e hortali\u00e7as frescas<\/p>\n","protected":false},"author":1,"featured_media":9199,"comment_status":"open","ping_status":"open","sticky":false,"template":"","format":"standard","meta":{"_monsterinsights_skip_tracking":false,"_monsterinsights_sitenote_active":false,"_monsterinsights_sitenote_note":"","_monsterinsights_sitenote_category":0,"_uf_show_specific_survey":0,"_uf_disable_surveys":false,"footnotes":""},"categories":[1],"tags":[],"class_list":["post-9198","post","type-post","status-publish","format-standard","has-post-thumbnail","hentry","category-news"],"_links":{"self":[{"href":"https:\/\/agromt.news\/index.php?rest_route=\/wp\/v2\/posts\/9198"}],"collection":[{"href":"https:\/\/agromt.news\/index.php?rest_route=\/wp\/v2\/posts"}],"about":[{"href":"https:\/\/agromt.news\/index.php?rest_route=\/wp\/v2\/types\/post"}],"author":[{"embeddable":true,"href":"https:\/\/agromt.news\/index.php?rest_route=\/wp\/v2\/users\/1"}],"replies":[{"embeddable":true,"href":"https:\/\/agromt.news\/index.php?rest_route=%2Fwp%2Fv2%2Fcomments&post=9198"}],"version-history":[{"count":0,"href":"https:\/\/agromt.news\/index.php?rest_route=\/wp\/v2\/posts\/9198\/revisions"}],"wp:featuredmedia":[{"embeddable":true,"href":"https:\/\/agromt.news\/index.php?rest_route=\/wp\/v2\/media\/9199"}],"wp:attachment":[{"href":"https:\/\/agromt.news\/index.php?rest_route=%2Fwp%2Fv2%2Fmedia&parent=9198"}],"wp:term":[{"taxonomy":"category","embeddable":true,"href":"https:\/\/agromt.news\/index.php?rest_route=%2Fwp%2Fv2%2Fcategories&post=9198"},{"taxonomy":"post_tag","embeddable":true,"href":"https:\/\/agromt.news\/index.php?rest_route=%2Fwp%2Fv2%2Ftags&post=9198"}],"curies":[{"name":"wp","href":"https:\/\/api.w.org\/{rel}","templated":true}]}}