{"id":9194,"date":"2025-02-06T13:46:38","date_gmt":"2025-02-06T17:46:38","guid":{"rendered":"https:\/\/agromt.news\/?p=9194"},"modified":"2025-02-06T13:46:38","modified_gmt":"2025-02-06T17:46:38","slug":"prepare-se-para-tempestades-inmet-anuncia-alerta-laranja-e-amarelo-para-duas-regioes-do-brasil","status":"publish","type":"post","link":"https:\/\/agromt.news\/?p=9194","title":{"rendered":"Prepare-se para tempestades! Inmet anuncia Alerta Laranja e Amarelo para duas regi\u00f5es do Brasil"},"content":{"rendered":"<p> <br \/>\n<br \/><img decoding=\"async\" src=\"https:\/\/agromt.news\/wp-content\/uploads\/2025\/02\/Prepare-se-para-tempestades-Inmet-anuncia-Alerta-Laranja-e-Amarelo-para.jpg\" \/><\/p>\n<div>\n<p>As instabilidades atmosf\u00e9ricas seguem ativas no Norte e Nordeste do Brasil nesta quinta-feira (6), influenciadas pelo V\u00f3rtice Cicl\u00f4nico de Altos N\u00edveis (VCAN) e pela Zona de Converg\u00eancia Intertropical (ZCIT). A previs\u00e3o aponta pancadas de chuva e trovoadas isoladas, com possibilidade de acumulados expressivos.<\/p>\n<p>O Instituto Nacional de Meteorologia (Inmet) mant\u00e9m os avisos laranja e amarelo para chuvas intensas, indicando precipita\u00e7\u00f5es de at\u00e9 100 mm e ventos que podem alcan\u00e7ar 100 km\/h. <\/p>\n<\/div>\n<div>\n<p>O alerta laranja vale para diversas \u00e1reas do Nordeste, onde as chuvas j\u00e1 causaram impactos. Na Para\u00edba, a esta\u00e7\u00e3o de Camaratuba registrou 236,8 mm nas \u00faltimas 24 horas, superando o recorde anterior de 171,8 mm, de 2013. Em Jo\u00e3o Pessoa, o acumulado chegou a 90 mm no mesmo per\u00edodo.<\/p>\n<p>O aviso amarelo tamb\u00e9m se estende a outras regi\u00f5es do pa\u00eds, incluindo o Sul, onde o Rio Grande do Sul enfrenta temperaturas at\u00e9 5\u00b0C acima da m\u00e9dia.<\/p>\n<\/p><\/div>\n<p><br \/>\n<br \/><a href=\"https:\/\/www.canalrural.com.br\/tempo\/prepare-se-para-tempestades-inmet-anuncia-alerta-laranja-e-amarelo-para-duas-regioes-do-brasil\/\">Source link <\/a><\/p>\n","protected":false},"excerpt":{"rendered":"<p>As instabilidades atmosf\u00e9ricas seguem ativas no Norte e Nordeste do Brasil nesta quinta-feira (6), influenciadas pelo V\u00f3rtice Cicl\u00f4nico de Altos<\/p>\n","protected":false},"author":1,"featured_media":9195,"comment_status":"open","ping_status":"open","sticky":false,"template":"","format":"standard","meta":{"_monsterinsights_skip_tracking":false,"_monsterinsights_sitenote_active":false,"_monsterinsights_sitenote_note":"","_monsterinsights_sitenote_category":0,"_uf_show_specific_survey":0,"_uf_disable_surveys":false,"footnotes":""},"categories":[1],"tags":[],"class_list":["post-9194","post","type-post","status-publish","format-standard","has-post-thumbnail","hentry","category-news"],"_links":{"self":[{"href":"https:\/\/agromt.news\/index.php?rest_route=\/wp\/v2\/posts\/9194"}],"collection":[{"href":"https:\/\/agromt.news\/index.php?rest_route=\/wp\/v2\/posts"}],"about":[{"href":"https:\/\/agromt.news\/index.php?rest_route=\/wp\/v2\/types\/post"}],"author":[{"embeddable":true,"href":"https:\/\/agromt.news\/index.php?rest_route=\/wp\/v2\/users\/1"}],"replies":[{"embeddable":true,"href":"https:\/\/agromt.news\/index.php?rest_route=%2Fwp%2Fv2%2Fcomments&post=9194"}],"version-history":[{"count":0,"href":"https:\/\/agromt.news\/index.php?rest_route=\/wp\/v2\/posts\/9194\/revisions"}],"wp:featuredmedia":[{"embeddable":true,"href":"https:\/\/agromt.news\/index.php?rest_route=\/wp\/v2\/media\/9195"}],"wp:attachment":[{"href":"https:\/\/agromt.news\/index.php?rest_route=%2Fwp%2Fv2%2Fmedia&parent=9194"}],"wp:term":[{"taxonomy":"category","embeddable":true,"href":"https:\/\/agromt.news\/index.php?rest_route=%2Fwp%2Fv2%2Fcategories&post=9194"},{"taxonomy":"post_tag","embeddable":true,"href":"https:\/\/agromt.news\/index.php?rest_route=%2Fwp%2Fv2%2Ftags&post=9194"}],"curies":[{"name":"wp","href":"https:\/\/api.w.org\/{rel}","templated":true}]}}