{"id":9193,"date":"2025-02-06T13:27:00","date_gmt":"2025-02-06T17:27:00","guid":{"rendered":"https:\/\/agromt.news\/?p=9193"},"modified":"2025-02-06T13:27:00","modified_gmt":"2025-02-06T17:27:00","slug":"governo-deve-conversar-com-setor-produtivo-nos-proximos-dias","status":"publish","type":"post","link":"https:\/\/agromt.news\/?p=9193","title":{"rendered":"governo deve conversar com setor produtivo nos pr\u00f3ximos dias"},"content":{"rendered":"<p> <br \/>\n<br \/><img decoding=\"async\" src=\"https:\/\/agromt.news\/wp-content\/uploads\/2025\/01\/Medidas-artificiais-nao-vao-reduzir-precos-dos-alimentos-diz-ex-ministro.jpg\" \/><\/p>\n<div>\n<p>O presidente <strong><a href=\"https:\/\/www.canalrural.com.br\/tag\/lula\/\">Luiz In\u00e1cio Lula da Silva (PT)<\/a><\/strong> disse, hoje (6), em entrevista a r\u00e1dios da Bahia, que nos pr\u00f3ximos dias vai se reunir com setores da \u00e1rea de alimentos em busca de reequilibrar os pre\u00e7os. Segundo Lula, o governo vai buscar junto ao setor produtivo, atacadista e do com\u00e9rcio de alimentos formas de reduzir os valores.<\/p>\n<p>\u201cEsse \u00e9 um trabalho que estamos fazendo e espero que possamos encontrar resultados o mais r\u00e1pido poss\u00edvel. Temos pre\u00e7os sazonais, pre\u00e7os resultado das queimadas, da chuva, ou seja, tudo \u00e9 motivo para que voc\u00ea tenha um desandar da carruagem da quest\u00e3o de pre\u00e7o de alimentos\u201d, disse.<\/p>\n<h2 class=\"wp-block-heading\" id=\"h-economia\">Economia<\/h2>\n<p>Al\u00e9m disso, o presidente afirmou que a economia do Brasil vive seu melhor momento e que nunca houve tantas pol\u00edticas de inclus\u00e3o social como agora.<\/p>\n<\/div>\n<div>\n<blockquote class=\"wp-block-quote is-layout-flow wp-block-quote-is-layout-flow\">\n<p>\u201c\u00c9 o povo ind\u00edgena, quilombola, s\u00e3o as mulheres, os pequenos produtores rurais. O agroneg\u00f3cio j\u00e1 recebeu o or\u00e7amento que nunca recebeu, a nova ind\u00fastria que est\u00e1 crescendo. H\u00e1 muito tempo que a gente n\u00e3o tinha o PIB crescendo na ind\u00fastria e agora est\u00e1. Temos v\u00e1rias atividades econ\u00f4micas que est\u00e3o crescendo\u201d, detalhou.<\/p>\n<\/blockquote>\n<p>Lula tamb\u00e9m falou sobre cr\u00e9dito e informou que os bancos p\u00fablicos, como o BNDES, Banco do Brasil, Caixa Econ\u00f4mica Federal entre outros est\u00e3o investindo mais e que novas medidas ser\u00e3o anunciadas nos pr\u00f3ximos dias. O dinheiro tem que circular\u201d, disse.<\/p>\n<p><em>*Com informa\u00e7\u00f5es da Ag\u00eancia Gov <\/em><\/p>\n<\/p><\/div>\n<p><br \/>\n<br \/><a href=\"https:\/\/www.canalrural.com.br\/economia\/precos-dos-alimentos-governo-deve-conversar-com-setor-produtivo-nos-proximos-dias\/\">Source link <\/a><\/p>\n","protected":false},"excerpt":{"rendered":"<p>O presidente Luiz In\u00e1cio Lula da Silva (PT) disse, hoje (6), em entrevista a r\u00e1dios da Bahia, que nos pr\u00f3ximos<\/p>\n","protected":false},"author":1,"featured_media":8723,"comment_status":"open","ping_status":"open","sticky":false,"template":"","format":"standard","meta":{"_monsterinsights_skip_tracking":false,"_monsterinsights_sitenote_active":false,"_monsterinsights_sitenote_note":"","_monsterinsights_sitenote_category":0,"_uf_show_specific_survey":0,"_uf_disable_surveys":false,"footnotes":""},"categories":[1],"tags":[],"class_list":["post-9193","post","type-post","status-publish","format-standard","has-post-thumbnail","hentry","category-news"],"_links":{"self":[{"href":"https:\/\/agromt.news\/index.php?rest_route=\/wp\/v2\/posts\/9193"}],"collection":[{"href":"https:\/\/agromt.news\/index.php?rest_route=\/wp\/v2\/posts"}],"about":[{"href":"https:\/\/agromt.news\/index.php?rest_route=\/wp\/v2\/types\/post"}],"author":[{"embeddable":true,"href":"https:\/\/agromt.news\/index.php?rest_route=\/wp\/v2\/users\/1"}],"replies":[{"embeddable":true,"href":"https:\/\/agromt.news\/index.php?rest_route=%2Fwp%2Fv2%2Fcomments&post=9193"}],"version-history":[{"count":0,"href":"https:\/\/agromt.news\/index.php?rest_route=\/wp\/v2\/posts\/9193\/revisions"}],"wp:featuredmedia":[{"embeddable":true,"href":"https:\/\/agromt.news\/index.php?rest_route=\/wp\/v2\/media\/8723"}],"wp:attachment":[{"href":"https:\/\/agromt.news\/index.php?rest_route=%2Fwp%2Fv2%2Fmedia&parent=9193"}],"wp:term":[{"taxonomy":"category","embeddable":true,"href":"https:\/\/agromt.news\/index.php?rest_route=%2Fwp%2Fv2%2Fcategories&post=9193"},{"taxonomy":"post_tag","embeddable":true,"href":"https:\/\/agromt.news\/index.php?rest_route=%2Fwp%2Fv2%2Ftags&post=9193"}],"curies":[{"name":"wp","href":"https:\/\/api.w.org\/{rel}","templated":true}]}}