{"id":9191,"date":"2025-02-06T13:12:36","date_gmt":"2025-02-06T17:12:36","guid":{"rendered":"https:\/\/agromt.news\/?p=9191"},"modified":"2025-02-06T13:12:36","modified_gmt":"2025-02-06T17:12:36","slug":"abic-recomenda-consumo-consciente-para-diminuir-impacto-da-alta-do-preco","status":"publish","type":"post","link":"https:\/\/agromt.news\/?p=9191","title":{"rendered":"Abic recomenda &#8216;consumo consciente&#8217; para diminuir impacto da alta do pre\u00e7o"},"content":{"rendered":"<p> <br \/>\n<br \/><img decoding=\"async\" src=\"https:\/\/agromt.news\/wp-content\/uploads\/2025\/02\/Abic-recomenda-consumo-consciente-para-diminuir-impacto-da-alta-do.jpg\" \/><\/p>\n<div>\n<p>A Associa\u00e7\u00e3o Brasileira da Ind\u00fastria de Caf\u00e9 <strong><a href=\"http:\/\/www.canalrural.com.br\/tag\/abic\/\">(Abic)<\/a><\/strong> reconheceu que o pre\u00e7o do caf\u00e9 pode sofrer novos reajustes ao consumidor ao longo das pr\u00f3ximas semanas. Por isso, recomendou \u201cconsumo consciente\u201d. As declara\u00e7\u00f5es foram dadas nesta quarta-feira (5), pelo presidente da Abic, Pavel Cardoso, em evento para comentar os resultados do setor em 2024.<\/p>\n<p>Cardoso afirmou que a escalada observada em novembro e dezembro de 2024, com aumentos que podem variar entre 20% e 30%, ainda n\u00e3o atingiu por completo as prateleiras. Segundo ele, esse repasse pode resultar em um impacto significativo no or\u00e7amento familiar.<\/p>\n<p>\u201c\u00c9 natural que, sendo o caf\u00e9 um produto t\u00e3o essencial no cotidiano do brasileiro, surjam questionamentos sobre o pre\u00e7o\u201d, afirmou Cardoso. \u201cA an\u00e1lise que n\u00f3s fazemos, inclusive para fazer uma boa recomenda\u00e7\u00e3o aos consumidores, \u00e9 que n\u00e3o haja desperd\u00edcio, que haja o consumo consciente\u201d, destacou o dirigente.<\/p>\n<\/div>\n<div>\n<p>A recomenda\u00e7\u00e3o da Abic \u00e9 de que os consumidores revisem seus h\u00e1bitos para evitar o desperd\u00edcio, sugerindo a prepara\u00e7\u00e3o de apenas a quantidade necess\u00e1ria para cada momento. O presidente da associa\u00e7\u00e3o chegou a brincar, dizendo que \u201cquem vai deixar de tomar caf\u00e9 talvez seja a pia\u201d, referindo-se ao suposto descarte excessivo durante o preparo.<\/p>\n<p>Embora os aumentos nos pre\u00e7os afetem o consumidor, a Abic evitou prever se haver\u00e1 redu\u00e7\u00e3o no consumo de caf\u00e9 em 2025.<\/p>\n<p>\u201c\u00c9 algo a ser observado com cautela. Os dados sobre isso ainda est\u00e3o em processo de apura\u00e7\u00e3o\u201d, disse Cardoso.<\/p>\n<\/p><\/div>\n<p><br \/>\n<br \/><a href=\"https:\/\/www.canalrural.com.br\/agricultura\/abic-recomenda-consumo-consciente-de-cafe-para-mitigar-impacto-da-alta-de-precos\/\">Source link <\/a><\/p>\n","protected":false},"excerpt":{"rendered":"<p>A Associa\u00e7\u00e3o Brasileira da Ind\u00fastria de Caf\u00e9 (Abic) reconheceu que o pre\u00e7o do caf\u00e9 pode sofrer novos reajustes ao consumidor<\/p>\n","protected":false},"author":1,"featured_media":9192,"comment_status":"open","ping_status":"open","sticky":false,"template":"","format":"standard","meta":{"_monsterinsights_skip_tracking":false,"_monsterinsights_sitenote_active":false,"_monsterinsights_sitenote_note":"","_monsterinsights_sitenote_category":0,"_uf_show_specific_survey":0,"_uf_disable_surveys":false,"footnotes":""},"categories":[1],"tags":[],"class_list":["post-9191","post","type-post","status-publish","format-standard","has-post-thumbnail","hentry","category-news"],"_links":{"self":[{"href":"https:\/\/agromt.news\/index.php?rest_route=\/wp\/v2\/posts\/9191"}],"collection":[{"href":"https:\/\/agromt.news\/index.php?rest_route=\/wp\/v2\/posts"}],"about":[{"href":"https:\/\/agromt.news\/index.php?rest_route=\/wp\/v2\/types\/post"}],"author":[{"embeddable":true,"href":"https:\/\/agromt.news\/index.php?rest_route=\/wp\/v2\/users\/1"}],"replies":[{"embeddable":true,"href":"https:\/\/agromt.news\/index.php?rest_route=%2Fwp%2Fv2%2Fcomments&post=9191"}],"version-history":[{"count":0,"href":"https:\/\/agromt.news\/index.php?rest_route=\/wp\/v2\/posts\/9191\/revisions"}],"wp:featuredmedia":[{"embeddable":true,"href":"https:\/\/agromt.news\/index.php?rest_route=\/wp\/v2\/media\/9192"}],"wp:attachment":[{"href":"https:\/\/agromt.news\/index.php?rest_route=%2Fwp%2Fv2%2Fmedia&parent=9191"}],"wp:term":[{"taxonomy":"category","embeddable":true,"href":"https:\/\/agromt.news\/index.php?rest_route=%2Fwp%2Fv2%2Fcategories&post=9191"},{"taxonomy":"post_tag","embeddable":true,"href":"https:\/\/agromt.news\/index.php?rest_route=%2Fwp%2Fv2%2Ftags&post=9191"}],"curies":[{"name":"wp","href":"https:\/\/api.w.org\/{rel}","templated":true}]}}