{"id":9187,"date":"2025-02-06T12:30:09","date_gmt":"2025-02-06T16:30:09","guid":{"rendered":"https:\/\/agromt.news\/?p=9187"},"modified":"2025-02-06T12:30:09","modified_gmt":"2025-02-06T16:30:09","slug":"e-amanha-a-abertura-nacional-da-colheita-da-soja-esta-chegando","status":"publish","type":"post","link":"https:\/\/agromt.news\/?p=9187","title":{"rendered":"\u00c9 amanh\u00e3! A Abertura Nacional da Colheita da Soja est\u00e1 chegando!"},"content":{"rendered":"<p> <br \/>\n<br \/><img decoding=\"async\" src=\"https:\/\/agromt.news\/wp-content\/uploads\/2025\/02\/E-amanha-A-Abertura-Nacional-da-Colheita-da-Soja-esta.png\" \/><\/p>\n<div>\n<p>O munic\u00edpio de Carmem (MT), regi\u00e3o de Sinop, est\u00e1 a todo vapor, \u00e0 espera dos participantes da Abertura Nacional da Colheita da Soja 2024\/2025, que acontece nesta sexta-feira (7), na <a href=\"https:\/\/www.canalrural.com.br\/agricultura\/projeto-soja-brasil\/fazenda-esperanca-rumo-a-colheita-de-soja-produtiva\/\">Fazenda Esperan\u00e7a<\/a>. O evento come\u00e7a a partir das 8h30 (hor\u00e1rio de Bras\u00edlia), com um caf\u00e9 especial. Caso voc\u00ea n\u00e3o esteja pela cidade, acesse<a href=\"https:\/\/www.youtube.com\/watch?v=FaXchb6Xr3A\"> este link <\/a>para acompanhar tudo ao vivo. <\/p>\n<p>O evento reunir\u00e1 as Associa\u00e7\u00f5es de Produtores de todo o Brasil e, nesta edi\u00e7\u00e3o, ser\u00e1 sediado em Mato Grosso, em comemora\u00e7\u00e3o aos 20 anos da Associa\u00e7\u00e3o dos Produtores de Soja e Milho de Mato Grosso (<a href=\"https:\/\/aprosoja.com.br\/\">Aprosoja MT<\/a>). A programa\u00e7\u00e3o come\u00e7a com um caf\u00e9 especial, al\u00e9m de almo\u00e7o e um show sertanejo.<\/p>\n<\/div>\n<div>\n<p>O evento contar\u00e1 com pain\u00e9is sobre temas importantes, como Sustentabilidade, COP 30, Biocombust\u00edveis e Alimentos, e ter\u00e1 a presen\u00e7a de figuras de destaque, como Aldo Rebelo, o deputado Arnaldo Jardim (vice-presidente da Frente Parlamentar da Agricultura), Daniel Vargas, Fabr\u00edcio Rosa da Aprosoja Brasil e presidentes das Aprosojas de diversos estados.<\/p>\n<p>A Abertura ser\u00e1 realizada na Fazenda Esperan\u00e7a, propriedade do produtor Invaldo Weis, que se sente privilegiado em receber o evento. \u201cEu me sinto privilegiado em receber esse evento na minha propriedade e acho que \u00e9 um privil\u00e9gio n\u00e3o s\u00f3 para mim, mas para toda a regi\u00e3o e principalmente para o munic\u00edpio de Santa Carmem\u201d, afirmou.<\/p>\n<p>As inscri\u00e7\u00f5es para a Abertura Nacional da Colheita da Soja 2024\/2025<a href=\"https:\/\/forms.gle\/id8aeU4ACMffCDLm8\"> seguem abertas <\/a>e s\u00e3o gratuitas. Al\u00e9m da programa\u00e7\u00e3o e de debates estrat\u00e9gicos para o setor, o evento ser\u00e1 uma excelente oportunidade de troca de experi\u00eancias entre produtores, especialistas e representantes do agro.<\/p>\n<\/p><\/div>\n<p><br \/>\n<br \/><a href=\"https:\/\/www.canalrural.com.br\/agricultura\/projeto-soja-brasil\/e-amanha-a-abertura-nacional-da-colheita-da-soja-esta-chegando\/\">Source link <\/a><\/p>\n","protected":false},"excerpt":{"rendered":"<p>O munic\u00edpio de Carmem (MT), regi\u00e3o de Sinop, est\u00e1 a todo vapor, \u00e0 espera dos participantes da Abertura Nacional da<\/p>\n","protected":false},"author":1,"featured_media":9188,"comment_status":"open","ping_status":"open","sticky":false,"template":"","format":"standard","meta":{"_monsterinsights_skip_tracking":false,"_monsterinsights_sitenote_active":false,"_monsterinsights_sitenote_note":"","_monsterinsights_sitenote_category":0,"_uf_show_specific_survey":0,"_uf_disable_surveys":false,"footnotes":""},"categories":[1],"tags":[],"class_list":["post-9187","post","type-post","status-publish","format-standard","has-post-thumbnail","hentry","category-news"],"_links":{"self":[{"href":"https:\/\/agromt.news\/index.php?rest_route=\/wp\/v2\/posts\/9187"}],"collection":[{"href":"https:\/\/agromt.news\/index.php?rest_route=\/wp\/v2\/posts"}],"about":[{"href":"https:\/\/agromt.news\/index.php?rest_route=\/wp\/v2\/types\/post"}],"author":[{"embeddable":true,"href":"https:\/\/agromt.news\/index.php?rest_route=\/wp\/v2\/users\/1"}],"replies":[{"embeddable":true,"href":"https:\/\/agromt.news\/index.php?rest_route=%2Fwp%2Fv2%2Fcomments&post=9187"}],"version-history":[{"count":0,"href":"https:\/\/agromt.news\/index.php?rest_route=\/wp\/v2\/posts\/9187\/revisions"}],"wp:featuredmedia":[{"embeddable":true,"href":"https:\/\/agromt.news\/index.php?rest_route=\/wp\/v2\/media\/9188"}],"wp:attachment":[{"href":"https:\/\/agromt.news\/index.php?rest_route=%2Fwp%2Fv2%2Fmedia&parent=9187"}],"wp:term":[{"taxonomy":"category","embeddable":true,"href":"https:\/\/agromt.news\/index.php?rest_route=%2Fwp%2Fv2%2Fcategories&post=9187"},{"taxonomy":"post_tag","embeddable":true,"href":"https:\/\/agromt.news\/index.php?rest_route=%2Fwp%2Fv2%2Ftags&post=9187"}],"curies":[{"name":"wp","href":"https:\/\/api.w.org\/{rel}","templated":true}]}}