{"id":9181,"date":"2025-02-06T11:29:57","date_gmt":"2025-02-06T15:29:57","guid":{"rendered":"https:\/\/agromt.news\/?p=9181"},"modified":"2025-02-06T11:29:57","modified_gmt":"2025-02-06T15:29:57","slug":"janeiro-de-2025-foi-o-mes-mais-quente-desde-o-ano-de-1850","status":"publish","type":"post","link":"https:\/\/agromt.news\/?p=9181","title":{"rendered":"Janeiro de 2025 foi o m\u00eas mais quente desde o ano de 1850"},"content":{"rendered":"<p> <br \/>\n<br \/><img decoding=\"async\" src=\"https:\/\/agromt.news\/wp-content\/uploads\/2025\/01\/Regiao-do-Brasil-tera-calor-intenso-e-pode-bater-novos.jpg\" \/><\/p>\n<div>\n<p>Em janeiro de 2025, a temperatura do planeta registrou 1,75 grau Celsius (\u00b0C) acima do n\u00edvel pr\u00e9-industrial. Foi a maior j\u00e1 anotada pela s\u00e9rie hist\u00f3rica do Servi\u00e7o Copernicus para Mudan\u00e7as Clim\u00e1ticas da Uni\u00e3o Europeia, ficando 0,79\u00b0C acima da m\u00e9dia de 1991-2020 para o m\u00eas, com temperatura do ar na superf\u00edcie de 13,23\u00baC.<\/p>\n<p>\u201cJaneiro de 2025 \u00e9 outro m\u00eas surpreendente, continuando as temperaturas recordes observadas nos \u00faltimos dois anos, apesar do desenvolvimento das condi\u00e7\u00f5es de La Ni\u00f1a no Pac\u00edfico tropical e seu efeito de resfriamento tempor\u00e1rio nas temperaturas globais\u201d, diz Samantha Burgess, l\u00edder estrat\u00e9gica para o clima do Centro Europeu de Previs\u00f5es Meteorol\u00f3gicas de M\u00e9dio Prazo (ECMWF, na sigla em ingl\u00eas).<\/p>\n<p>O registro leva o planeta ao 18\u00ba m\u00eas \u2013 dos \u00faltimos 19 meses \u2013 em que a temperatura m\u00e9dia global do ar superficial foi superior a 1,5\u00b0C acima do n\u00edvel pr\u00e9-industrial. De fevereiro de 2024 a janeiro de 2025, o planeta ficou 1,61\u00b0C acima da m\u00e9dia estimada de 1850-1900 usada para definir o n\u00edvel pr\u00e9-industrial.<\/p>\n<p>De acordo com o relat\u00f3rio da institui\u00e7\u00e3o divulgado nesta quinta-feira (6), as temperaturas acima da m\u00e9dia foram observadas principalmente no sudeste da Europa, nordeste e noroeste do Canad\u00e1, Alasca e Sib\u00e9ria, sul da Am\u00e9rica do Sul, \u00c1frica e grande parte da Austr\u00e1lia e Ant\u00e1rtica.<\/p>\n<p>J\u00e1 no norte da Europa, Estados Unidos e nas regi\u00f5es mais orientais da R\u00fassia, Pen\u00ednsula Ar\u00e1bica e sudeste Asi\u00e1tico, as temperaturas foram abaixo da m\u00e9dia.<\/p>\n<\/div>\n<div>\n<p>A temperatura m\u00e9dia da superf\u00edcie do mar para janeiro foi de 20,78\u00baC, considerando as zonas temperadas e intertropical, a cerca de 10 metros de profundidade. De acordo com o Copernicus, esse \u00e9 o segundo valor mais alto anotado para o m\u00eas: 0,19\u00b0C abaixo de janeiro de 2024.<\/p>\n<h2 class=\"wp-block-heading\" id=\"h-chuvas\">Chuvas<\/h2>\n<p>O relat\u00f3rio informou ainda que janeiro tamb\u00e9m foi predominantemente mais \u00famido do que a m\u00e9dia, com fortes precipita\u00e7\u00f5es que levaram a inunda\u00e7\u00f5es em algumas regi\u00f5es.<\/p>\n<p>A m\u00e9dia de chuvas foi maior na Europa Ocidental, em partes da It\u00e1lia, Escandin\u00e1via e pa\u00edses b\u00e1lticos; no Alasca, Canad\u00e1, centro e leste da R\u00fassia, leste da Austr\u00e1lia, sudeste da \u00c1frica e sul do Brasil.<\/p>\n<h2 class=\"wp-block-heading\" id=\"h-medicoes\">Medi\u00e7\u00f5es<\/h2>\n<p>O Copernicus \u00e9 um programa de observa\u00e7\u00e3o da Terra que utiliza medi\u00e7\u00f5es de sat\u00e9lites, navios, aeronaves e esta\u00e7\u00f5es meteorol\u00f3gicas em todo o mundo para produzir an\u00e1lises de dados da atmosfera, marinho, Terra, altera\u00e7\u00f5es clim\u00e1ticas, seguran\u00e7a e emerg\u00eancia.<\/p>\n<p>O programa \u00e9 coordenado e gerido pela Comiss\u00e3o Europeia e implementado em parceria com estados-membros, Ag\u00eancia Espacial Europeia (ESA), Organiza\u00e7\u00e3o Europeia para a Explora\u00e7\u00e3o de Sat\u00e9lites Meteorol\u00f3gicos e Centro Europeu de Previs\u00f5es Meteorol\u00f3gicas em M\u00e9dio Prazo, entre outros.<\/p>\n<\/p><\/div>\n<p><br \/>\n<br \/><a href=\"https:\/\/www.canalrural.com.br\/tempo\/janeiro-de-2025-foi-o-mes-mais-quente-desde-o-ano-de-1850\/\">Source link <\/a><\/p>\n","protected":false},"excerpt":{"rendered":"<p>Em janeiro de 2025, a temperatura do planeta registrou 1,75 grau Celsius (\u00b0C) acima do n\u00edvel pr\u00e9-industrial. Foi a maior<\/p>\n","protected":false},"author":1,"featured_media":8245,"comment_status":"open","ping_status":"open","sticky":false,"template":"","format":"standard","meta":{"_monsterinsights_skip_tracking":false,"_monsterinsights_sitenote_active":false,"_monsterinsights_sitenote_note":"","_monsterinsights_sitenote_category":0,"_uf_show_specific_survey":0,"_uf_disable_surveys":false,"footnotes":""},"categories":[1],"tags":[],"class_list":["post-9181","post","type-post","status-publish","format-standard","has-post-thumbnail","hentry","category-news"],"_links":{"self":[{"href":"https:\/\/agromt.news\/index.php?rest_route=\/wp\/v2\/posts\/9181"}],"collection":[{"href":"https:\/\/agromt.news\/index.php?rest_route=\/wp\/v2\/posts"}],"about":[{"href":"https:\/\/agromt.news\/index.php?rest_route=\/wp\/v2\/types\/post"}],"author":[{"embeddable":true,"href":"https:\/\/agromt.news\/index.php?rest_route=\/wp\/v2\/users\/1"}],"replies":[{"embeddable":true,"href":"https:\/\/agromt.news\/index.php?rest_route=%2Fwp%2Fv2%2Fcomments&post=9181"}],"version-history":[{"count":0,"href":"https:\/\/agromt.news\/index.php?rest_route=\/wp\/v2\/posts\/9181\/revisions"}],"wp:featuredmedia":[{"embeddable":true,"href":"https:\/\/agromt.news\/index.php?rest_route=\/wp\/v2\/media\/8245"}],"wp:attachment":[{"href":"https:\/\/agromt.news\/index.php?rest_route=%2Fwp%2Fv2%2Fmedia&parent=9181"}],"wp:term":[{"taxonomy":"category","embeddable":true,"href":"https:\/\/agromt.news\/index.php?rest_route=%2Fwp%2Fv2%2Fcategories&post=9181"},{"taxonomy":"post_tag","embeddable":true,"href":"https:\/\/agromt.news\/index.php?rest_route=%2Fwp%2Fv2%2Ftags&post=9181"}],"curies":[{"name":"wp","href":"https:\/\/api.w.org\/{rel}","templated":true}]}}