{"id":9179,"date":"2025-02-06T10:51:49","date_gmt":"2025-02-06T14:51:49","guid":{"rendered":"https:\/\/agromt.news\/?p=9179"},"modified":"2025-02-06T10:51:49","modified_gmt":"2025-02-06T14:51:49","slug":"governador-do-piaui-e-o-novo-presidente-do-consorcio-nordeste","status":"publish","type":"post","link":"https:\/\/agromt.news\/?p=9179","title":{"rendered":"Governador do Piau\u00ed \u00e9 o novo presidente do Cons\u00f3rcio Nordeste"},"content":{"rendered":"<p> <br \/>\n<br \/><img decoding=\"async\" src=\"https:\/\/agromt.news\/wp-content\/uploads\/2025\/02\/Governador-do-Piaui-e-o-novo-presidente-do-Consorcio-Nordeste.jpeg\" \/><\/p>\n<div>\n<p>O <strong><a href=\"https:\/\/www.canalrural.com.br\/tag\/cons%C3%B3rcionordeste\/\">Cons\u00f3rcio do Nordeste<\/a><\/strong>, entidade que re\u00fane os nove estados da regi\u00e3o, deu posse nesta quarta-feira (5) ao novo presidente, o governador Rafael Fonteles (PT), do Piau\u00ed, em uma cerim\u00f4nia em Bras\u00edlia. Ele sucede a governadora do Rio Grande do Norte, F\u00e1tima Bezerra (PT), que esteve \u00e0 frente do grupo ao longo do ano passado.<\/p>\n<p>\u201c\u00c9 uma imensa honra assumir a lideran\u00e7a do Cons\u00f3rcio do Nordeste em um momento t\u00e3o decisivo para a nossa regi\u00e3o. Com coragem e empenho, continuaremos promovendo a\u00e7\u00f5es que valorizem nossas potencialidades, estimulem o crescimento econ\u00f4mico e fortale\u00e7am nosso compromisso com a equidade social\u201d, escreveu o governador em suas redes sociais. <\/p>\n<p>Temas como sustentabilidade, seguran\u00e7a e economia est\u00e3o entre as prioridades do mandato de Fonteles, que vai at\u00e9 dezembro deste ano.<\/p>\n<p>Criado em 2019, o Cons\u00f3rcio Nordeste busca promover a integra\u00e7\u00e3o regional, articular pol\u00edticas p\u00fablicas integradas, atrair investimentos, realizar compras compartilhadas e estimular o desenvolvimento e o bem-estar da regi\u00e3o.<\/p>\n<p>Durante o evento que marcou a posse de Fonteles, foi assinado um memorando de entendimento entre o Cons\u00f3rcio Nordeste e o Minist\u00e9rio da Fazenda, em torno da agenda da Transforma\u00e7\u00e3o Ecol\u00f3gica do governo federal. A solenidade contou com a presen\u00e7a de ministros do governo, como Fernando Haddad (Fazenda) e Alexandre Silveira (Minas e Energia).<\/p>\n<\/div>\n<div>\n<h2 class=\"wp-block-heading\" id=\"h-reuniao-no-planalto\">Reuni\u00e3o no Planalto<\/h2>\n<p>No fim da tarde, seis dos nove governadores e outros tr\u00eas vice-governadores foram recebidos pelo presidente <strong><a href=\"https:\/\/www.canalrural.com.br\/tag\/lula\/\">Luiz In\u00e1cio Lula da Silva (PT)<\/a><\/strong>, no Pal\u00e1cio do Planalto.<\/p>\n<blockquote class=\"wp-block-quote is-layout-flow wp-block-quote-is-layout-flow\">\n<p>\u201cDesejei um bom trabalho ao governador do Piau\u00ed e novo presidente do Cons\u00f3rcio Nordeste, Rafael Fonteles, que ter\u00e1 como foco de sua gest\u00e3o a sustentabilidade, a seguran\u00e7a, a sa\u00fade e a economia da regi\u00e3o. Conte com o apoio do governo federal\u201d, escreveu o presidente em postagem nas redes sociais.<\/p>\n<\/blockquote>\n<h2 class=\"wp-block-heading\" id=\"h-perfil\">Perfil<\/h2>\n<p>Rafael Fonteles tem 39 anos e iniciou a carreira pol\u00edtica como secret\u00e1rio da Fazenda do Piau\u00ed (2015-2022), quando coordenou o Pr\u00f3-Piau\u00ed, programa de investimento com foco no eixo social e no desenvolvimento econ\u00f4mico. Em 2022, foi eleito governador do Piau\u00ed, com a maior vota\u00e7\u00e3o da hist\u00f3ria pol\u00edtica do estado.<\/p>\n<p>Fonteles \u00e9 bacharel em Matem\u00e1tica pela Universidade Federal do Piau\u00ed (UFPI) e mestre em Economia Matem\u00e1tica pelo Instituto Nacional de Matem\u00e1tica Pura e Aplicada (IMPA).<\/p>\n<\/p><\/div>\n<p><br \/>\n<br \/><a href=\"https:\/\/www.canalrural.com.br\/politica\/governador-do-piaui-e-o-novo-presidente-do-consorcio-nordeste\/\">Source link <\/a><\/p>\n","protected":false},"excerpt":{"rendered":"<p>O Cons\u00f3rcio do Nordeste, entidade que re\u00fane os nove estados da regi\u00e3o, deu posse nesta quarta-feira (5) ao novo presidente,<\/p>\n","protected":false},"author":1,"featured_media":9180,"comment_status":"open","ping_status":"open","sticky":false,"template":"","format":"standard","meta":{"_monsterinsights_skip_tracking":false,"_monsterinsights_sitenote_active":false,"_monsterinsights_sitenote_note":"","_monsterinsights_sitenote_category":0,"_uf_show_specific_survey":0,"_uf_disable_surveys":false,"footnotes":""},"categories":[1],"tags":[],"class_list":["post-9179","post","type-post","status-publish","format-standard","has-post-thumbnail","hentry","category-news"],"_links":{"self":[{"href":"https:\/\/agromt.news\/index.php?rest_route=\/wp\/v2\/posts\/9179"}],"collection":[{"href":"https:\/\/agromt.news\/index.php?rest_route=\/wp\/v2\/posts"}],"about":[{"href":"https:\/\/agromt.news\/index.php?rest_route=\/wp\/v2\/types\/post"}],"author":[{"embeddable":true,"href":"https:\/\/agromt.news\/index.php?rest_route=\/wp\/v2\/users\/1"}],"replies":[{"embeddable":true,"href":"https:\/\/agromt.news\/index.php?rest_route=%2Fwp%2Fv2%2Fcomments&post=9179"}],"version-history":[{"count":0,"href":"https:\/\/agromt.news\/index.php?rest_route=\/wp\/v2\/posts\/9179\/revisions"}],"wp:featuredmedia":[{"embeddable":true,"href":"https:\/\/agromt.news\/index.php?rest_route=\/wp\/v2\/media\/9180"}],"wp:attachment":[{"href":"https:\/\/agromt.news\/index.php?rest_route=%2Fwp%2Fv2%2Fmedia&parent=9179"}],"wp:term":[{"taxonomy":"category","embeddable":true,"href":"https:\/\/agromt.news\/index.php?rest_route=%2Fwp%2Fv2%2Fcategories&post=9179"},{"taxonomy":"post_tag","embeddable":true,"href":"https:\/\/agromt.news\/index.php?rest_route=%2Fwp%2Fv2%2Ftags&post=9179"}],"curies":[{"name":"wp","href":"https:\/\/api.w.org\/{rel}","templated":true}]}}