{"id":9170,"date":"2025-02-06T09:05:09","date_gmt":"2025-02-06T13:05:09","guid":{"rendered":"https:\/\/agromt.news\/?p=9170"},"modified":"2025-02-06T09:05:09","modified_gmt":"2025-02-06T13:05:09","slug":"alianca-entre-sao-paulo-e-distrito-federal-reforca-a-fruticultura","status":"publish","type":"post","link":"https:\/\/agromt.news\/?p=9170","title":{"rendered":"Alian\u00e7a entre S\u00e3o Paulo e Distrito Federal refor\u00e7a a fruticultura\u00a0"},"content":{"rendered":"<p> <br \/>\n<\/p>\n<div>\n<p>A fruticultura brasileira ganha um importante refor\u00e7o com a assinatura de um <a href=\"https:\/\/www.noticiasagricolas.com.br\/noticias\/agronegocio\/393657-secretarias-de-agricultura-de-sp-e-df-assinam-protocolo-de-intencoes-para-parceria-na-fruticultura.html\">protocolo de inten\u00e7\u00f5es<\/a> entre a Secretaria de Agricultura e Abastecimento do Estado de S\u00e3o Paulo (SAA) e a Secretaria da Agricultura, Abastecimento e Desenvolvimento Rural do Distrito Federal (Seagri).<\/p>\n<p>A parceria busca melhorar o setor por meio de a\u00e7\u00f5es conjuntas, com foco na capacita\u00e7\u00e3o de trabalhadores, assist\u00eancia t\u00e9cnica e troca de informa\u00e7\u00f5es.<\/p>\n<blockquote class=\"wp-block-quote is-layout-flow wp-block-quote-is-layout-flow\">\n<p>\u201cA coopera\u00e7\u00e3o t\u00e9cnica na \u00e1rea de fruticultura, especialmente de frutas vermelhas, ir\u00e1 fomentar, de forma ainda mais incisiva, esse setor importante em ambos estados\u201d, destaca Edson Fernandes, secret\u00e1rio Executivo da SAA.\u00a0<\/p>\n<\/blockquote>\n<p>O protocolo \u00e9 apenas o come\u00e7o de uma parceria mais robusta, que inclui a cria\u00e7\u00e3o de um termo de coopera\u00e7\u00e3o t\u00e9cnica, que ser\u00e1 assinado durante o evento Fruit Attraction de 2025, em mar\u00e7o, considerado um dos maiores encontros do setor na Am\u00e9rica Latina.<\/p>\n<p>A parceria visa estabelecer troca de experi\u00eancias, al\u00e9m de oferecer apoio \u00e0 agricultura familiar, buscando o crescimento do setor e a inclus\u00e3o de novos produtores.<\/p>\n<blockquote class=\"wp-block-quote is-layout-flow wp-block-quote-is-layout-flow\">\n<p>\u201cS\u00e3o Paulo tem muito a nos enriquecer na produ\u00e7\u00e3o agropecu\u00e1ria. Tamb\u00e9m vamos disponibilizar nosso conhecimento gerado em prol do homem e da mulher do campo em SP e no DF, com o objetivo de levarmos qualidade de vida, gera\u00e7\u00e3o de renda e progresso para as pessoas\u201d, afirma Rafael Borges Bueno, secret\u00e1rio de Agricultura do DF.<\/p>\n<\/blockquote>\n<ul class=\"wp-block-list\">\n<li><strong><em>Participe do Porteira Aberta Empreender: envie perguntas, sugest\u00f5es e conte sua hist\u00f3ria de empreendedorismo pelo <\/em><\/strong><a href=\"https:\/\/api.whatsapp.com\/send?phone=5511932796720&amp;PorteiraAbertaEmpreender=SuaMensagem\"><strong><em>WhatsApp<\/em><\/strong><\/a><\/li>\n<\/ul>\n<\/div>\n<div>\n<p>O encontro entre as Secretarias ocorreu em Campinas, na sede da Coordenadoria de Assist\u00eancia T\u00e9cnica Integral (CATI), que formula e executa o <a href=\"https:\/\/www.canalrural.com.br\/agricultura\/exportacoes-da-fruticultura-paulista-cresceram-13-em-2024\/\">Projeto Frutas Vermelhas SP<\/a>. <\/p>\n<p>Desde 2018, o projeto tem permitido que produtores paulistas diversifiquem suas lavouras, agregando valor \u00e0 produ\u00e7\u00e3o e criando novas possibilidades de neg\u00f3cios.<\/p>\n<p> Atualmente, o projeto conta com 43 produtores cadastrados, muitos dos quais j\u00e1 est\u00e3o colhendo resultados comerciais.<\/p>\n<p>Al\u00e9m disso, a partir de 2024, a CATI passou a disponibilizar mudas de mirtilo e framboesa para o mercado, com qualidade superior e pre\u00e7os atrativos, incentivando novos produtores a se engajarem nesse nicho crescente da fruticultura.<\/p>\n<figure class=\"wp-block-image size-large\"><img fetchpriority=\"high\" decoding=\"async\" width=\"1024\" height=\"678\" alt=\"Lim\u00f5es, Frutas, Comida\" class=\"wp-image-4086335\"  data-lazy- src=\"https:\/\/agromt.news\/wp-content\/uploads\/2025\/02\/Alianca-entre-Sao-Paulo-e-Distrito-Federal-reforca-a-fruticultura.png\"\/><img decoding=\"async\" width=\"1024\" height=\"678\" src=\"https:\/\/agromt.news\/wp-content\/uploads\/2025\/02\/Alianca-entre-Sao-Paulo-e-Distrito-Federal-reforca-a-fruticultura.png\" alt=\"Lim\u00f5es, Frutas, Comida\" class=\"wp-image-4086335\"  \/><figcaption class=\"wp-element-caption\">Foto: Divulga\u00e7\u00e3o | Pixabay<\/figcaption><\/figure>\n<h2 class=\"wp-block-heading\" id=\"h-crescimento-expressivo-nas-exportacoes-de-frutas\"><strong>Crescimento expressivo nas exporta\u00e7\u00f5es de frutas<\/strong><\/h2>\n<p>L\u00edder nacional, o setor de frutas paulistas cresceu 13%, na exporta\u00e7\u00e3o, em rela\u00e7\u00e3o a 2023. De acordo com o Instituto de Economia Agr\u00edcola (IEA-Apta), no ano passado foram comercializados mais de US$250 milh\u00f5es. <\/p>\n<p>O destaque foi para lim\u00f5es e lima que totalizaram 50% de participa\u00e7\u00e3o (US$121 milh\u00f5es), com o envio de 112 mil toneladas. <\/p>\n<p>Outros produtos como a manga (US$14 milh\u00f5es) e o mam\u00e3o (US$1,5 milh\u00e3o), tamb\u00e9m tiveram saldo positivo no ano. S\u00e3o Paulo tamb\u00e9m lidera a produ\u00e7\u00e3o nacional de banana, com 26% do total produzido.<\/p>\n<p>Essa expans\u00e3o nas exporta\u00e7\u00f5es deve ser fortalecida pela coopera\u00e7\u00e3o entre os dois estados, permitindo o aumento da produ\u00e7\u00e3o de frutas vermelhas, al\u00e9m de fortalecer a troca de informa\u00e7\u00f5es t\u00e9cnicas e estrat\u00e9gias de comercializa\u00e7\u00e3o.<\/p>\n<p>Para quem deseja se capacitar e melhorar sua atua\u00e7\u00e3o no setor de fruticultura, o Sebrae  oferece uma ampla gama de cursos e treinamentos voltados para o micro e pequeno produtor rural. <a href=\"https:\/\/sebrae.com.br\/sites\/PortalSebrae\/\">Acesse aqui o site do Sebrae. <\/a><\/p>\n<\/p><\/div>\n<p><br \/>\n<br \/><a href=\"https:\/\/www.canalrural.com.br\/empreendedorismo\/alianca-entre-sao-paulo-e-distrito-federal-reforca-a-fruticultura\/\">Source link <\/a><\/p>\n","protected":false},"excerpt":{"rendered":"<p>A fruticultura brasileira ganha um importante refor\u00e7o com a assinatura de um protocolo de inten\u00e7\u00f5es entre a Secretaria de Agricultura<\/p>\n","protected":false},"author":1,"featured_media":9171,"comment_status":"open","ping_status":"open","sticky":false,"template":"","format":"standard","meta":{"_monsterinsights_skip_tracking":false,"_monsterinsights_sitenote_active":false,"_monsterinsights_sitenote_note":"","_monsterinsights_sitenote_category":0,"_uf_show_specific_survey":0,"_uf_disable_surveys":false,"footnotes":""},"categories":[1],"tags":[],"class_list":["post-9170","post","type-post","status-publish","format-standard","has-post-thumbnail","hentry","category-news"],"_links":{"self":[{"href":"https:\/\/agromt.news\/index.php?rest_route=\/wp\/v2\/posts\/9170"}],"collection":[{"href":"https:\/\/agromt.news\/index.php?rest_route=\/wp\/v2\/posts"}],"about":[{"href":"https:\/\/agromt.news\/index.php?rest_route=\/wp\/v2\/types\/post"}],"author":[{"embeddable":true,"href":"https:\/\/agromt.news\/index.php?rest_route=\/wp\/v2\/users\/1"}],"replies":[{"embeddable":true,"href":"https:\/\/agromt.news\/index.php?rest_route=%2Fwp%2Fv2%2Fcomments&post=9170"}],"version-history":[{"count":0,"href":"https:\/\/agromt.news\/index.php?rest_route=\/wp\/v2\/posts\/9170\/revisions"}],"wp:featuredmedia":[{"embeddable":true,"href":"https:\/\/agromt.news\/index.php?rest_route=\/wp\/v2\/media\/9171"}],"wp:attachment":[{"href":"https:\/\/agromt.news\/index.php?rest_route=%2Fwp%2Fv2%2Fmedia&parent=9170"}],"wp:term":[{"taxonomy":"category","embeddable":true,"href":"https:\/\/agromt.news\/index.php?rest_route=%2Fwp%2Fv2%2Fcategories&post=9170"},{"taxonomy":"post_tag","embeddable":true,"href":"https:\/\/agromt.news\/index.php?rest_route=%2Fwp%2Fv2%2Ftags&post=9170"}],"curies":[{"name":"wp","href":"https:\/\/api.w.org\/{rel}","templated":true}]}}