{"id":917,"date":"2024-08-29T17:06:07","date_gmt":"2024-08-29T21:06:07","guid":{"rendered":"https:\/\/agromt.news\/?p=917"},"modified":"2024-08-29T17:06:07","modified_gmt":"2024-08-29T21:06:07","slug":"baixa-oferta-eleva-medias-do-vivo-em-agosto","status":"publish","type":"post","link":"https:\/\/agromt.news\/?p=917","title":{"rendered":"baixa oferta eleva m\u00e9dias do vivo em agosto"},"content":{"rendered":"<p> <br \/>\n<br \/><img decoding=\"async\" src=\"https:\/\/agromt.news\/wp-content\/uploads\/2024\/08\/baixa-oferta-eleva-medias-do-vivo-em-agosto.png\" \/><\/p>\n<div>\n<p>Os pre\u00e7os do su\u00edno vivo seguem em alta no mercado independente. Segundo pesquisadores do <strong><a href=\"https:\/\/www.canalrural.com.br\/tag\/cepea\/\">Cepea<\/a><\/strong>, o impulso continua vindo da oferta restrita de <strong><a href=\"https:\/\/www.canalrural.com.br\/pecuaria\/\">animais<\/a><\/strong> em peso ideal para abate. <\/p>\n<p>Na regi\u00e3o SP-5 (Bragan\u00e7a Paulista, Campinas, Piracicaba, S\u00e3o Paulo e Sorocaba), a m\u00e9dia dos pre\u00e7os do su\u00edno da parcial de agosto (at\u00e9 o dia 27) est\u00e1 em R$ 8,39\/kg, forte aumento de 9,3% em rela\u00e7\u00e3o \u00e0 de julho. <\/p>\n<p><em>Confira na palma da m\u00e3o informa\u00e7\u00f5es quentes sobre agricultura, pecu\u00e1ria, economia e previs\u00e3o do tempo:<\/em><a href=\"https:\/\/www.whatsapp.com\/channel\/0029Va9VnZxGk1FplZjiW43k\"><em> <\/em><strong>siga o Canal Rural no WhatsApp<\/strong><\/a>!<\/p>\n<\/div>\n<div>\n<p>Trata-se do maior avan\u00e7o mensal desde agosto de 2014, quando a varia\u00e7\u00e3o atingiu 9,5% \u2013 naquela \u00e9poca, as cota\u00e7\u00f5es vinham sendo influenciadas por vendas mais aquecidas da carne \u2013 que elevaram com for\u00e7a a demanda de frigor\u00edficos por novos lotes \u2013 e pela oferta enxuta, ainda conforme pesquisadores do Cepea.<\/p>\n<\/div>\n<p><br \/>\n<br \/><a href=\"https:\/\/www.canalrural.com.br\/aves-e-suinos\/suinos-baixa-oferta-eleva-medias-do-vivo-em-agosto\/\">Source link <\/a><\/p>\n","protected":false},"excerpt":{"rendered":"<p>Os pre\u00e7os do su\u00edno vivo seguem em alta no mercado independente. Segundo pesquisadores do Cepea, o impulso continua vindo da<\/p>\n","protected":false},"author":1,"featured_media":918,"comment_status":"open","ping_status":"open","sticky":false,"template":"","format":"standard","meta":{"_monsterinsights_skip_tracking":false,"_monsterinsights_sitenote_active":false,"_monsterinsights_sitenote_note":"","_monsterinsights_sitenote_category":0,"_uf_show_specific_survey":0,"_uf_disable_surveys":false,"footnotes":""},"categories":[1],"tags":[],"class_list":["post-917","post","type-post","status-publish","format-standard","has-post-thumbnail","hentry","category-news"],"_links":{"self":[{"href":"https:\/\/agromt.news\/index.php?rest_route=\/wp\/v2\/posts\/917"}],"collection":[{"href":"https:\/\/agromt.news\/index.php?rest_route=\/wp\/v2\/posts"}],"about":[{"href":"https:\/\/agromt.news\/index.php?rest_route=\/wp\/v2\/types\/post"}],"author":[{"embeddable":true,"href":"https:\/\/agromt.news\/index.php?rest_route=\/wp\/v2\/users\/1"}],"replies":[{"embeddable":true,"href":"https:\/\/agromt.news\/index.php?rest_route=%2Fwp%2Fv2%2Fcomments&post=917"}],"version-history":[{"count":0,"href":"https:\/\/agromt.news\/index.php?rest_route=\/wp\/v2\/posts\/917\/revisions"}],"wp:featuredmedia":[{"embeddable":true,"href":"https:\/\/agromt.news\/index.php?rest_route=\/wp\/v2\/media\/918"}],"wp:attachment":[{"href":"https:\/\/agromt.news\/index.php?rest_route=%2Fwp%2Fv2%2Fmedia&parent=917"}],"wp:term":[{"taxonomy":"category","embeddable":true,"href":"https:\/\/agromt.news\/index.php?rest_route=%2Fwp%2Fv2%2Fcategories&post=917"},{"taxonomy":"post_tag","embeddable":true,"href":"https:\/\/agromt.news\/index.php?rest_route=%2Fwp%2Fv2%2Ftags&post=917"}],"curies":[{"name":"wp","href":"https:\/\/api.w.org\/{rel}","templated":true}]}}