{"id":9161,"date":"2025-02-06T03:20:23","date_gmt":"2025-02-06T07:20:23","guid":{"rendered":"https:\/\/agromt.news\/?p=9161"},"modified":"2025-02-06T03:20:23","modified_gmt":"2025-02-06T07:20:23","slug":"atrasos-elevam-milho-na-b3","status":"publish","type":"post","link":"https:\/\/agromt.news\/?p=9161","title":{"rendered":"Atrasos elevam milho na B3"},"content":{"rendered":"<p> <br \/>\n<\/p>\n<div>\n<p>Na Bolsa de Mercadorias de S\u00e3o Paulo (B3), o milho fechou novamente em alta com atrasos no Brasil, segundo informa\u00e7\u00f5es divulgadas pela TF Agroecon\u00f4mica. \u201cO milho na B3 voltou a subir com influ\u00eancia da alta em Chicago, mas principalmente devido aos atrasos no in\u00edcio da safra no Brasil\u201d, comenta.&#13;\n<\/p>\n<p>\u201cA colheita da primeira safra de milho, que normalmente come\u00e7a a tirar a press\u00e3o do comprador, est\u00e1 em 10,5% da \u00e1rea apta, ante 6,3% no relat\u00f3rio anterior e 13,8% no ano passado, segundo a Conab. Para o milho safrinha o plantio progride lentamente, com apenas 5,3% a \u00e1rea planejada j\u00e1 semeada, ante 1,4% da semana passada e 19,8% do ano anterior. O atraso do plantio da safrinha est\u00e1 diretamente relacionado com o atraso a colheita da soja, o que pode reduzir a janela de plantio ideal. Para a soja o atraso \u00e9 de 6 pontos percentuais, com 8% colhido, ante 3,2% da semana anterior e 14% do ano passado. Mesmo com a grande capacidade de recupera\u00e7\u00e3o, que o produtor brasileiro mostrou no plantio da soja, para o milho safrinha alguns estados j\u00e1 relataram a dificuldade de acesso a sementes de ciclo curto\u201d, completa.<\/p>\n<p>Diante deste quadro, as cota\u00e7\u00f5es futuras fecharam em baixa no dia. \u201cO vencimento de mar\u00e7o\/25 foi de R$ 76,62 apresentando alta de R$ 0,98 no dia, alta de R$ 1,78 na semana; maio\/25 fechou a R$ 76,53, baixa de R$ 1,16 no dia, alta e R$ 1,72 na semana; o \u00a0 vencimento julho\/25 fechou a R$ 71,84, alta de R$ 0,35 no dia e alta de R$ 0,94 na semana\u201d, indica.&#13;\n<\/p>\n<p>Em Chicago, o milho fechou em alta com pausa nas tarifas e boa demanda. \u201cA cota\u00e7\u00e3o de mar\u00e7o, refer\u00eancia para a nossa safra de ver\u00e3o, fechou em alta de 1,18 % ou $ 5,75 cents\/bushel a $ 494,50. A cota\u00e7\u00e3o para maio, fechou em alta de 1,00 % ou $ 5,00 cents\/bushel a $ 504,75\u201d, conclui.<br \/>&#13;<br \/>\n\u00a0<\/p>\n<\/p><\/div>\n<p><script data-cfasync=\"false\">\n    !function (f, b, e, v, n, t, s) {\n        if (f.fbq) return; n = f.fbq = function () {\n            n.callMethod ?\n                n.callMethod.apply(n, arguments) : n.queue.push(arguments)\n        };\n        if (!f._fbq) f._fbq = n; n.push = n; n.loaded = !0; n.version = '2.0';\n        n.queue = []; t = b.createElement(e); t.async = !0;\n        t.src = v; s = b.getElementsByTagName(e)[0];\n        s.parentNode.insertBefore(t, s)\n    }(window, document, 'script',\n        'https:\/\/connect.facebook.net\/en_US\/fbevents.js');\n    fbq('init', '522546078623747');\n    fbq('track', 'PageView');\n<\/script><br \/>\n<br \/><br \/>\n<br \/><a href=\"https:\/\/www.agrolink.com.br\/noticias\/atrasos-elevam-milho-na-b3_499055.html\">Source link <\/a><\/p>\n","protected":false},"excerpt":{"rendered":"<p>Na Bolsa de Mercadorias de S\u00e3o Paulo (B3), o milho fechou novamente em alta com atrasos no Brasil, segundo informa\u00e7\u00f5es<\/p>\n","protected":false},"author":1,"featured_media":1670,"comment_status":"open","ping_status":"open","sticky":false,"template":"","format":"standard","meta":{"_monsterinsights_skip_tracking":false,"_monsterinsights_sitenote_active":false,"_monsterinsights_sitenote_note":"","_monsterinsights_sitenote_category":0,"_uf_show_specific_survey":0,"_uf_disable_surveys":false,"footnotes":""},"categories":[8,1,14],"tags":[],"class_list":["post-9161","post","type-post","status-publish","format-standard","has-post-thumbnail","hentry","category-agro","category-news","category-politica-agro"],"_links":{"self":[{"href":"https:\/\/agromt.news\/index.php?rest_route=\/wp\/v2\/posts\/9161"}],"collection":[{"href":"https:\/\/agromt.news\/index.php?rest_route=\/wp\/v2\/posts"}],"about":[{"href":"https:\/\/agromt.news\/index.php?rest_route=\/wp\/v2\/types\/post"}],"author":[{"embeddable":true,"href":"https:\/\/agromt.news\/index.php?rest_route=\/wp\/v2\/users\/1"}],"replies":[{"embeddable":true,"href":"https:\/\/agromt.news\/index.php?rest_route=%2Fwp%2Fv2%2Fcomments&post=9161"}],"version-history":[{"count":0,"href":"https:\/\/agromt.news\/index.php?rest_route=\/wp\/v2\/posts\/9161\/revisions"}],"wp:featuredmedia":[{"embeddable":true,"href":"https:\/\/agromt.news\/index.php?rest_route=\/wp\/v2\/media\/1670"}],"wp:attachment":[{"href":"https:\/\/agromt.news\/index.php?rest_route=%2Fwp%2Fv2%2Fmedia&parent=9161"}],"wp:term":[{"taxonomy":"category","embeddable":true,"href":"https:\/\/agromt.news\/index.php?rest_route=%2Fwp%2Fv2%2Fcategories&post=9161"},{"taxonomy":"post_tag","embeddable":true,"href":"https:\/\/agromt.news\/index.php?rest_route=%2Fwp%2Fv2%2Ftags&post=9161"}],"curies":[{"name":"wp","href":"https:\/\/api.w.org\/{rel}","templated":true}]}}