{"id":9157,"date":"2025-02-05T23:06:58","date_gmt":"2025-02-06T03:06:58","guid":{"rendered":"https:\/\/agromt.news\/?p=9157"},"modified":"2025-02-05T23:06:58","modified_gmt":"2025-02-06T03:06:58","slug":"cafe-precos-seguem-com-baixas-nas-bolsas-internacionais-no-inicio-da-tarde","status":"publish","type":"post","link":"https:\/\/agromt.news\/?p=9157","title":{"rendered":"Caf\u00e9: pre\u00e7os seguem com baixas nas bolsas internacionais no in\u00edcio da tarde&#8230;"},"content":{"rendered":"<p> <br \/>\n<\/p>\n<div>\n<p>Mercado trabalha com ajustes t\u00e9cnicos ap\u00f3s fortes altas<\/p>\n<div class=\"materia\">\n<p><img decoding=\"async\" alt=\"Logotipo Not&#xED;cias Agr&#xED;colas\" height=\"21\" src=\"https:\/\/cdn.noticiasagricolas.com.br\/dbimagens\/e12363a00741f9cc7caf23469101a4aa.png\" width=\"106\"\/><\/p>\n<p>\u00c0s 12h20 (hor\u00e1rio de Bras\u00edlia), os pre\u00e7os do caf\u00e9 continuavam trabalhando com quedas moderadas nas bolsas internacionais.<\/p>\n<p>Em NY, o ar\u00e1bica registrava baixa de 495 pontos no valor de 321,90 cents\/lbp no vencimento de mar\u00e7o\/25, um recuo de 415 pontos cotado por 317,95 cents\/lbp no de maio\/25, uma baixa de 410 pontos no valor de 312,05 cents\/lbp no de julho\/25, e uma queda de 470 pontos no valor de\u00a0305,10 cents\/lbp no de setembro\/25.<\/p>\n<p>A Somar Meteorologia relatou na \u00faltima segunda-feira (30) que Minas Gerais (maior \u00e1rea de cultivo de caf\u00e9 ar\u00e1bica do Brasil) recebeu 102,8 mm de chuva na semana passada,\u00a0ou 182% da m\u00e9dia hist\u00f3rica.\u00a0<\/p>\n<p class=\"image-center\"><img decoding=\"async\" alt=\"WhatsApp Image 2025-01-03 at 12.13.38\" src=\"https:\/\/cdn.noticiasagricolas.com.br\/dbimagens\/thumbs\/800x2000\/whatsapp-image-2025-01-03-at-121338-mOAcX.jpeg\"\/><\/p>\n<p>O robusta trabalhava com ganho de US$ 34 no valor de US$ 5.155\/tonelada no contrato de janeiro\/25, uma queda de US$ 9 no valor de US$ 5.047\/tonelada no de mar\u00e7o\/25, uma baixa de US$ 15 negociado por US$ 4.962\/tonelada no de maio\/25, e um recuo de US$ 15 no valor de US$ 4.877\/tonelada no de julho\/25.<br \/>\u00a0<\/p>\n<\/p><\/div>\n<div class=\"grupo-whatsapp\">\n      J\u00e1 segue nosso Canal oficial no WhatsApp? <a href=\"https:\/\/bit.ly\/Canal_NA\" target=\"_blank\" rel=\"noopener\"><strong>Clique Aqui<\/strong><\/a> para receber em primeira m\u00e3o as principais not\u00edcias do agroneg\u00f3cio\n    <\/div>\n<div class=\"fonte\">\n<p>Fonte:<\/p>\n<p>                  <span>Not\u00edcias Agr\u00edcolas<\/span>\n              <\/div>\n<\/p><\/div>\n<p><script async defer src=\"https:\/\/connect.facebook.net\/en_US\/sdk.js\" type=\"c0ed961cf640f89da0e909e2-text\/javascript\"><\/script><script type=\"c0ed961cf640f89da0e909e2-text\/javascript\">\n  !function(f,b,e,v,n,t,s)\n  {if(f.fbq)return;n=f.fbq=function(){n.callMethod?\n    n.callMethod.apply(n,arguments):n.queue.push(arguments)};\n    if(!f._fbq)f._fbq=n;n.push=n;n.loaded=!0;n.version='2.0';\n    n.queue=[];t=b.createElement(e);t.async=!0;\n    t.src=v;s=b.getElementsByTagName(e)[0];\n    s.parentNode.insertBefore(t,s)}(window, document,'script',\n    'https:\/\/connect.facebook.net\/en_US\/fbevents.js');\n  fbq('init', '153495679422335');\n  fbq('track', 'PageView');\n<\/script><br \/>\n<br \/><br \/>\n<br \/><a href=\"https:\/\/www.noticiasagricolas.com.br\/noticias\/cafe\/391602-cafe-precos-seguem-com-baixas-nas-bolsas-internacionais-no-inicio-da-tarde-desta-6-feira-03.html\">Source link <\/a><\/p>\n","protected":false},"excerpt":{"rendered":"<p>Mercado trabalha com ajustes t\u00e9cnicos ap\u00f3s fortes altas \u00c0s 12h20 (hor\u00e1rio de Bras\u00edlia), os pre\u00e7os do caf\u00e9 continuavam trabalhando com<\/p>\n","protected":false},"author":1,"featured_media":9158,"comment_status":"open","ping_status":"open","sticky":false,"template":"","format":"standard","meta":{"_monsterinsights_skip_tracking":false,"_monsterinsights_sitenote_active":false,"_monsterinsights_sitenote_note":"","_monsterinsights_sitenote_category":0,"_uf_show_specific_survey":0,"_uf_disable_surveys":false,"footnotes":""},"categories":[8,1,14,16],"tags":[],"class_list":["post-9157","post","type-post","status-publish","format-standard","has-post-thumbnail","hentry","category-agro","category-news","category-politica-agro","category-safra"],"_links":{"self":[{"href":"https:\/\/agromt.news\/index.php?rest_route=\/wp\/v2\/posts\/9157"}],"collection":[{"href":"https:\/\/agromt.news\/index.php?rest_route=\/wp\/v2\/posts"}],"about":[{"href":"https:\/\/agromt.news\/index.php?rest_route=\/wp\/v2\/types\/post"}],"author":[{"embeddable":true,"href":"https:\/\/agromt.news\/index.php?rest_route=\/wp\/v2\/users\/1"}],"replies":[{"embeddable":true,"href":"https:\/\/agromt.news\/index.php?rest_route=%2Fwp%2Fv2%2Fcomments&post=9157"}],"version-history":[{"count":0,"href":"https:\/\/agromt.news\/index.php?rest_route=\/wp\/v2\/posts\/9157\/revisions"}],"wp:featuredmedia":[{"embeddable":true,"href":"https:\/\/agromt.news\/index.php?rest_route=\/wp\/v2\/media\/9158"}],"wp:attachment":[{"href":"https:\/\/agromt.news\/index.php?rest_route=%2Fwp%2Fv2%2Fmedia&parent=9157"}],"wp:term":[{"taxonomy":"category","embeddable":true,"href":"https:\/\/agromt.news\/index.php?rest_route=%2Fwp%2Fv2%2Fcategories&post=9157"},{"taxonomy":"post_tag","embeddable":true,"href":"https:\/\/agromt.news\/index.php?rest_route=%2Fwp%2Fv2%2Ftags&post=9157"}],"curies":[{"name":"wp","href":"https:\/\/api.w.org\/{rel}","templated":true}]}}