{"id":915,"date":"2024-08-29T15:54:45","date_gmt":"2024-08-29T19:54:45","guid":{"rendered":"https:\/\/agromt.news\/?p=915"},"modified":"2024-08-29T15:54:45","modified_gmt":"2024-08-29T19:54:45","slug":"safra-de-graos-2024-25-de-sao-paulo-deve-ser-22-menor-estima-faesp","status":"publish","type":"post","link":"https:\/\/agromt.news\/?p=915","title":{"rendered":"Safra de gr\u00e3os 2024\/25 de S\u00e3o Paulo deve ser 22% menor, estima Faesp"},"content":{"rendered":"<p> <br \/>\n<br \/><img decoding=\"async\" src=\"https:\/\/agromt.news\/wp-content\/uploads\/2024\/08\/Safra-de-graos-202425-de-Sao-Paulo-deve-ser-22.jpg\" \/><\/p>\n<div>\n<p>A Federa\u00e7\u00e3o de Agricultura e Pecu\u00e1ria de S\u00e3o Paulo (Faesp) diz que estimativas para a produ\u00e7\u00e3o paulista de gr\u00e3os na safra 2023\/24 mostram novo recuo nas proje\u00e7\u00f5es. \u201c<em>A produ\u00e7\u00e3o anteriormente estimada em 8,99 milh\u00f5es de toneladas agora \u00e9 avaliada em 8,92 milh\u00f5es de toneladas, 22,2%, ou 2,54 milh\u00f5es de toneladas, menor que a anterior<\/em>\u201c, disse em nota.<\/p>\n<p><em>Confira na palma da m\u00e3o informa\u00e7\u00f5es quentes sobre agricultura, pecu\u00e1ria, economia e previs\u00e3o do tempo:<\/em><a href=\"https:\/\/www.whatsapp.com\/channel\/0029Va9VnZxGk1FplZjiW43k\"><em> <\/em><strong>siga o Canal Rural no WhatsApp<\/strong><\/a>!<\/p>\n<p>\u201c<em>De modo geral, todas as lavouras de gr\u00e3os no estado sofreram quebra de produ\u00e7\u00e3o nesta safra, exceto arroz, feij\u00e3o 1\u00aa safra, sorgo e triticale. Destaque para a soja, que teve queda expressiva na produ\u00e7\u00e3o<\/em>\u201c, afirmou. A previs\u00e3o \u00e9 de que sejam colhidas 3,65 milh\u00f5es de toneladas da oleaginosa, quebra de 25,6% em compara\u00e7\u00e3o com a safra anterior.<\/p>\n<\/div>\n<p><br \/>\n<br \/><a href=\"https:\/\/www.canalrural.com.br\/agricultura\/safra-de-graos-2024-25-do-estado-de-sao-paulo-deve-ser-22-menor-estima-faesp\/\">Source link <\/a><\/p>\n","protected":false},"excerpt":{"rendered":"<p>A Federa\u00e7\u00e3o de Agricultura e Pecu\u00e1ria de S\u00e3o Paulo (Faesp) diz que estimativas para a produ\u00e7\u00e3o paulista de gr\u00e3os na<\/p>\n","protected":false},"author":1,"featured_media":916,"comment_status":"open","ping_status":"open","sticky":false,"template":"","format":"standard","meta":{"_monsterinsights_skip_tracking":false,"_monsterinsights_sitenote_active":false,"_monsterinsights_sitenote_note":"","_monsterinsights_sitenote_category":0,"_uf_show_specific_survey":0,"_uf_disable_surveys":false,"footnotes":""},"categories":[1],"tags":[],"class_list":["post-915","post","type-post","status-publish","format-standard","has-post-thumbnail","hentry","category-news"],"_links":{"self":[{"href":"https:\/\/agromt.news\/index.php?rest_route=\/wp\/v2\/posts\/915"}],"collection":[{"href":"https:\/\/agromt.news\/index.php?rest_route=\/wp\/v2\/posts"}],"about":[{"href":"https:\/\/agromt.news\/index.php?rest_route=\/wp\/v2\/types\/post"}],"author":[{"embeddable":true,"href":"https:\/\/agromt.news\/index.php?rest_route=\/wp\/v2\/users\/1"}],"replies":[{"embeddable":true,"href":"https:\/\/agromt.news\/index.php?rest_route=%2Fwp%2Fv2%2Fcomments&post=915"}],"version-history":[{"count":0,"href":"https:\/\/agromt.news\/index.php?rest_route=\/wp\/v2\/posts\/915\/revisions"}],"wp:featuredmedia":[{"embeddable":true,"href":"https:\/\/agromt.news\/index.php?rest_route=\/wp\/v2\/media\/916"}],"wp:attachment":[{"href":"https:\/\/agromt.news\/index.php?rest_route=%2Fwp%2Fv2%2Fmedia&parent=915"}],"wp:term":[{"taxonomy":"category","embeddable":true,"href":"https:\/\/agromt.news\/index.php?rest_route=%2Fwp%2Fv2%2Fcategories&post=915"},{"taxonomy":"post_tag","embeddable":true,"href":"https:\/\/agromt.news\/index.php?rest_route=%2Fwp%2Fv2%2Ftags&post=915"}],"curies":[{"name":"wp","href":"https:\/\/api.w.org\/{rel}","templated":true}]}}