{"id":9148,"date":"2025-02-05T17:06:57","date_gmt":"2025-02-05T21:06:57","guid":{"rendered":"https:\/\/agromt.news\/?p=9148"},"modified":"2025-02-05T17:06:57","modified_gmt":"2025-02-05T21:06:57","slug":"suriname-abriu-mercado-para-carne-bovina-do-brasil-diz-favaro","status":"publish","type":"post","link":"https:\/\/agromt.news\/?p=9148","title":{"rendered":"Suriname abriu mercado para carne bovina do Brasil, diz F\u00e1varo"},"content":{"rendered":"<p> <br \/>\n<br \/><img decoding=\"async\" src=\"https:\/\/agromt.news\/wp-content\/uploads\/2024\/10\/Brasil-caminha-para-recorde-historico-nas-exportacoes-de-carne-em.jpg\" \/><\/p>\n<div>\n<p>O Brasil poder\u00e1 exportar carne bovina e derivados para o Suriname, pa\u00eds da Am\u00e9rica do Sul, anunciou nesta quarta-feira (5), o ministro da Agricultura e Pecu\u00e1ria <a href=\"https:\/\/www.canalrural.com.br\/tag\/mapa\/\"><strong>(Mapa)<\/strong><\/a>, Carlos F\u00e1varo.<\/p>\n<p>\u201cAbrimos mercado para exportar carne bovina brasileira ao Suriname. S\u00e3o 325 mercados abertos para produtos da agropecu\u00e1ria brasileira desde o in\u00edcio do governo Lula\u201d, afirmou F\u00e1varo, durante abertura do evento para apresenta\u00e7\u00e3o de medidas para escoamento da safra de gr\u00e3os 2024\/25.<\/p>\n<p>O ministro disse que a abertura de in\u00fameros mercados para produtos da agropecu\u00e1ria nacional n\u00e3o seria poss\u00edvel se a infraestrutura do Brasil n\u00e3o fosse eficiente.<\/p>\n<\/div>\n<div>\n<p>\u201cAberturas de mercados crescentes demandam investimentos em infraestrutura para sermos competitivos\u201d, afirmou F\u00e1varo.<\/p>\n<p>Segundo levantamentos realizados pelo Comex Stat, os principais itens brasileiros exportados para o Suriname s\u00e3o produtos aliment\u00edcios e animais vivos. Nesta categoria, o faturamento foi de\u00a0US$ 10,13 milh\u00f5es em 2024.<\/p>\n<\/p><\/div>\n<p><br \/>\n<br \/><a href=\"https:\/\/www.canalrural.com.br\/economia\/suriname-abriu-mercado-para-carne-bovina-do-brasil-diz-favaro\/\">Source link <\/a><\/p>\n","protected":false},"excerpt":{"rendered":"<p>O Brasil poder\u00e1 exportar carne bovina e derivados para o Suriname, pa\u00eds da Am\u00e9rica do Sul, anunciou nesta quarta-feira (5),<\/p>\n","protected":false},"author":1,"featured_media":7231,"comment_status":"open","ping_status":"open","sticky":false,"template":"","format":"standard","meta":{"_monsterinsights_skip_tracking":false,"_monsterinsights_sitenote_active":false,"_monsterinsights_sitenote_note":"","_monsterinsights_sitenote_category":0,"_uf_show_specific_survey":0,"_uf_disable_surveys":false,"footnotes":""},"categories":[1],"tags":[],"class_list":["post-9148","post","type-post","status-publish","format-standard","has-post-thumbnail","hentry","category-news"],"_links":{"self":[{"href":"https:\/\/agromt.news\/index.php?rest_route=\/wp\/v2\/posts\/9148"}],"collection":[{"href":"https:\/\/agromt.news\/index.php?rest_route=\/wp\/v2\/posts"}],"about":[{"href":"https:\/\/agromt.news\/index.php?rest_route=\/wp\/v2\/types\/post"}],"author":[{"embeddable":true,"href":"https:\/\/agromt.news\/index.php?rest_route=\/wp\/v2\/users\/1"}],"replies":[{"embeddable":true,"href":"https:\/\/agromt.news\/index.php?rest_route=%2Fwp%2Fv2%2Fcomments&post=9148"}],"version-history":[{"count":0,"href":"https:\/\/agromt.news\/index.php?rest_route=\/wp\/v2\/posts\/9148\/revisions"}],"wp:featuredmedia":[{"embeddable":true,"href":"https:\/\/agromt.news\/index.php?rest_route=\/wp\/v2\/media\/7231"}],"wp:attachment":[{"href":"https:\/\/agromt.news\/index.php?rest_route=%2Fwp%2Fv2%2Fmedia&parent=9148"}],"wp:term":[{"taxonomy":"category","embeddable":true,"href":"https:\/\/agromt.news\/index.php?rest_route=%2Fwp%2Fv2%2Fcategories&post=9148"},{"taxonomy":"post_tag","embeddable":true,"href":"https:\/\/agromt.news\/index.php?rest_route=%2Fwp%2Fv2%2Ftags&post=9148"}],"curies":[{"name":"wp","href":"https:\/\/api.w.org\/{rel}","templated":true}]}}