{"id":911,"date":"2024-08-29T14:22:39","date_gmt":"2024-08-29T18:22:39","guid":{"rendered":"https:\/\/agromt.news\/?p=911"},"modified":"2024-08-29T14:22:39","modified_gmt":"2024-08-29T18:22:39","slug":"encontro-internacional-comeca-dia-29-no-vale-dos-vinhedos","status":"publish","type":"post","link":"https:\/\/agromt.news\/?p=911","title":{"rendered":"Encontro internacional come\u00e7a dia 29 no Vale dos Vinhedos"},"content":{"rendered":"<p> <br \/>\n<\/p>\n<div>\n<p style=\"text-align:justify\">O mundo assiste aos eventos clim\u00e1ticos que v\u00eam se intensificando nos \u00faltimos anos, mudando a realidade de lugares e culturas. As interfer\u00eancias no mundo do vinho s\u00e3o inevit\u00e1veis e v\u00eam sendo sentidas em pa\u00edses produtores do Velho e do Novo Mundo. Toda esta influ\u00eancia e tend\u00eancias identificadas por estudiosos no assunto far\u00e3o parte de uma ampla programa\u00e7\u00e3o t\u00e9cnica durante o 1\u00ba Enomeeting Internacional de Conceptwine \u2013 Desbravando Vinhos e Vinhedos que acontece nesta semana, de 29 a 31 de agosto, no Boulevard Convention Vale dos Vinhedos, na Serra Ga\u00facha. Inscri\u00e7\u00f5es est\u00e3o abertas pelo @conceptwine e podem ser feitas tanto por profissionais do vinho como por curiosos no tema. O evento, promovido pela Conceptwine, conta com o apoio da Organiza\u00e7\u00e3o Internacional da Vinha e do Vinho (OIV) e da Associa\u00e7\u00e3o Brasileira de Enologia (ABE).\n<\/p>\n<p style=\"text-align:justify\">A oportunidade \u00e9 \u00fanica, facilitando acesso a diversos experts que estar\u00e3o compartilhando seus estudos mais recentes num \u00fanico local. As mudan\u00e7as clim\u00e1ticas, tema que se destaca na programa\u00e7\u00e3o global, ser\u00e3o abordadas por diversos profissionais. Em mais de 25 horas de muito conte\u00fado, troca de informa\u00e7\u00f5es e conhecimento t\u00e9cnico, com tradu\u00e7\u00e3o simult\u00e2nea, especialistas da Argentina, Brasil, Chile, Espanha, Fran\u00e7a, It\u00e1lia, Portugal e Uruguai estar\u00e3o compartilhando seus conhecimentos com os congressistas. Toda programa\u00e7\u00e3o acontece no mesmo local, garantindo maior comodidade e seguran\u00e7a aos participantes, uma vez que o complexo re\u00fane Centro de Eventos, hotel, restaurante e mall de lojas.<\/p>\n<p style=\"text-align:justify\">Os s\u00f3cios Edegar Scortegagna e Andr\u00e9 Mallmann, en\u00f3logo e sommelier, respectivamente, que vivem na pr\u00e1tica a realidade de um setor que n\u00e3o para de evoluir, resolveram unir conhecimento e aproximar a cadeia produtiva dos movimentos gerados diante dessas mudan\u00e7as. Eles destacam, entre tantos grandes nomes do evento, o chileno Rene Vasques, que vai falar sobre Influ\u00eancias e tend\u00eancias do campo clim\u00e1tica na viticultura moderna; o franc\u00eas Andrei Prida com a pauta Fen\u00f4menos de oxida\u00e7\u00e3o em barrica; o uruguaio Eduardo Boido, que vai compartilhar Os aromas e os polifen\u00f3is na Enologia atual e o espanhol Jaume GRamona Marti, que traz a tem\u00e1tica de Pen\u00e9des: O que o nosso terroir nos inspira, viticultura \u00fanica no seu melhor e adapta\u00e7\u00e3o \u00e0 nossa realidade clim\u00e1tica.<\/p>\n<p style=\"text-align:justify\">Mais de 1.000 alunos de todas as regi\u00f5es brasileiras j\u00e1 passaram pela ConceptWine em seis anos de atua\u00e7\u00e3o. Com este evento, a empresa espera n\u00e3o apenas atrair a aten\u00e7\u00e3o dos profissionais afins como tamb\u00e9m se tornar ainda mais conhecida em todo o pa\u00eds como educadora e disseminadora dos aspectos ligados ao mundo do vinho. Aproximando quem sabe de quem quer aprender, o 1\u00ba Enomeeting Internacional de ConceptWine chega como uma ferramenta para reunir especialistas, profissionais e apreciadores que comungam dos mesmos prop\u00f3sitos: desenvolver a vitivinicultura brasileira aumentando o consumo de vinhos no pa\u00eds, ou seja, \u00e9 um evento para todos.\n<\/p>\n<p style=\"text-align:justify\">PROGRAMA\u00c7\u00c3O<\/p>\n<p style=\"text-align:justify\">DIA 29 &#8211; QUINTA-FEIRA\u00a0<br \/>14h \u00e0s 15h &#8211; OIV e Mudan\u00e7as Clim\u00e1ticas: Desafios e Recomenda\u00e7\u00f5es para a Vitivinicultura Global (Fernanda Spinelli \u2013 Brasil)<br \/>15h \u00e0s 16h &#8211; Vinho de inverno com uso da dupla poda: porque, onde e quando utilizar? (Murillo de Albuquerque Regina \u2013 Brasil)<br \/>16h \u00e0s 16h30min &#8211; Coffee break\u00a0<br \/>16h30min \u00e0s 18h &#8211; Corti\u00e7a e vinho: fus\u00e3o de tecnologia e natureza (Pedro Felix \u2013 Portugal)<br \/>18h \u00e0s 18h30min &#8211; Degusta\u00e7\u00e3o de vinhos de diferentes regi\u00f5es<br \/>18h30min &#8211; Coquetel de abertura<\/p>\n<p style=\"text-align:justify\">DIA 30 &#8211; SEXTA-FEIRA<br \/>8h30min \u00e0s 10h &#8211; Mudan\u00e7as clim\u00e1ticas: o uso da biotecnologia como estrat\u00e9gia de adapta\u00e7\u00e3o para vinifica\u00e7\u00e3o (Fernando Cordova Arellano \u2013 Chile)<br \/>10h \u00e0s 10h30min &#8211; Coffee break\u00a0<br \/>10h30min \u00e0s 12h \u2013 Situa\u00e7\u00e3o da vitivinicultura Argentina frente as mudan\u00e7as clim\u00e1ticas (Claudia In\u00e9s Quini \u2013 Argentina)<br \/>12h15min \u00e0s 14h &#8211; Almo\u00e7o<br \/>14h \u00e0s 15h &#8211; Vinhos moscatos e espumantes moscat\u00e9is: seus aromas e sua evolu\u00e7\u00e3o (\u00c2ngela Rossi Marcon \u2013 Brasil)<br \/>15h \u00e0s 16h &#8211; Incid\u00eancia e estrat\u00e9gias de manejo de insetos pragas na viticultura em fun\u00e7\u00e3o das mudan\u00e7as clim\u00e1ticas (Marcos Botton \u2013 Brasil)<br \/>16h \u00e0s 16h30min &#8211; Coffee break\u00a0<br \/>16h30min \u00e0s 18h &#8211; Influ\u00eancias e tend\u00eancias do campo clim\u00e1tico na viticultura moderna (Rene Vasques \u2013 Chile)<br \/>18h \u00e0s 18h30min &#8211; Degusta\u00e7\u00e3o de vinhos de diferentes regi\u00f5es<br \/>18h30min \u00e0s 19h30min &#8211; Simp\u00f3sio com os professores: Mudan\u00e7as Clim\u00e1ticas<\/p>\n<p style=\"text-align:justify\">DIA 31 &#8211; S\u00c1BADO<br \/>8h30min \u00e0s 10h \u2013 Fen\u00f4menos de oxida\u00e7\u00e3o em barrica (Andrei Prida \u2013 Fran\u00e7a)<br \/>10h \u00e0s 10h30min &#8211; Coffee break\u00a0<br \/>10h30min \u00e0s 12h \u2013 Os aromas e os polifen\u00f3is na Enologia atual (Eduardo Boido \u2013 Uruguai)<br \/>12h \u00e0s 14h \u2013 Almo\u00e7o\u00a0<br \/>14h \u00e0s 15h30min \u2013 As variedades resistentes ao o\u00eddio e a peronospora: An\u00e1lise e Gest\u00e3o Enol\u00f3gica (Tomas Roman \u2013 It\u00e1lia)<br \/>15h30min \u00e0s 16h &#8211; Coffee break\u00a0<br \/>16h \u00e0s 17h30min \u2013 Pen\u00e9des: O que o nosso terroir nos inspira, viticultura \u00fanica no seu melhor e adapta\u00e7\u00e3o \u00e0 nossa realidade clim\u00e1tica (Jaume Gramona Marti \u2013 Espanha)<br \/>17h30min \u00e0s 18h &#8211; Degusta\u00e7\u00e3o de vinhos de diferentes regi\u00f5es<br \/>21h \u00e0s 00h &#8211; Jantar especial de encerramento\n<\/p>\n<p style=\"text-align:justify\">SERVI\u00c7O<br \/>O que? 1\u00ba ENOMEETING INTERNACIONAL DE CONCEPTWINE \u2013 DESBRAVANDO VINHOS E VINHEDOS 2024\u00a0<br \/>Quando? De 29 a 31 de agosto de 2024<br \/>Onde? Boulevard Convention Vale dos Vinhedos<br \/>Valores: 2.650 (cursos, degusta\u00e7\u00f5es, coquetel de abertura e jantar de encerramento)<br \/>Observa\u00e7\u00e3o: Vendas em lotes promocionais e alunos ConceptWine t\u00eam desconto especial\u00a0<br \/>Inscri\u00e7\u00f5es: (55) 9 900.1053 (Whatsapp)<\/p>\n<\/div>\n<p><script data-cfasync=\"false\">\n    !function (f, b, e, v, n, t, s) {\n        if (f.fbq) return; n = f.fbq = function () {\n            n.callMethod ?\n                n.callMethod.apply(n, arguments) : n.queue.push(arguments)\n        };\n        if (!f._fbq) f._fbq = n; n.push = n; n.loaded = !0; n.version = '2.0';\n        n.queue = []; t = b.createElement(e); t.async = !0;\n        t.src = v; s = b.getElementsByTagName(e)[0];\n        s.parentNode.insertBefore(t, s)\n    }(window, document, 'script',\n        'https:\/\/connect.facebook.net\/en_US\/fbevents.js');\n    fbq('init', '522546078623747');\n    fbq('track', 'PageView');\n<\/script><br \/>\n<br \/><br \/>\n<br \/><a href=\"https:\/\/www.agrolink.com.br\/noticias\/encontro-internacional-comeca-quinta-no-vale-dos-vinhedos_494390.html\">Source link <\/a><\/p>\n","protected":false},"excerpt":{"rendered":"<p>O mundo assiste aos eventos clim\u00e1ticos que v\u00eam se intensificando nos \u00faltimos anos, mudando a realidade de lugares e culturas.<\/p>\n","protected":false},"author":1,"featured_media":912,"comment_status":"open","ping_status":"open","sticky":false,"template":"","format":"standard","meta":{"_monsterinsights_skip_tracking":false,"_monsterinsights_sitenote_active":false,"_monsterinsights_sitenote_note":"","_monsterinsights_sitenote_category":0,"_uf_show_specific_survey":0,"_uf_disable_surveys":false,"footnotes":""},"categories":[8,1,14],"tags":[],"class_list":["post-911","post","type-post","status-publish","format-standard","has-post-thumbnail","hentry","category-agro","category-news","category-politica-agro"],"_links":{"self":[{"href":"https:\/\/agromt.news\/index.php?rest_route=\/wp\/v2\/posts\/911"}],"collection":[{"href":"https:\/\/agromt.news\/index.php?rest_route=\/wp\/v2\/posts"}],"about":[{"href":"https:\/\/agromt.news\/index.php?rest_route=\/wp\/v2\/types\/post"}],"author":[{"embeddable":true,"href":"https:\/\/agromt.news\/index.php?rest_route=\/wp\/v2\/users\/1"}],"replies":[{"embeddable":true,"href":"https:\/\/agromt.news\/index.php?rest_route=%2Fwp%2Fv2%2Fcomments&post=911"}],"version-history":[{"count":0,"href":"https:\/\/agromt.news\/index.php?rest_route=\/wp\/v2\/posts\/911\/revisions"}],"wp:featuredmedia":[{"embeddable":true,"href":"https:\/\/agromt.news\/index.php?rest_route=\/wp\/v2\/media\/912"}],"wp:attachment":[{"href":"https:\/\/agromt.news\/index.php?rest_route=%2Fwp%2Fv2%2Fmedia&parent=911"}],"wp:term":[{"taxonomy":"category","embeddable":true,"href":"https:\/\/agromt.news\/index.php?rest_route=%2Fwp%2Fv2%2Fcategories&post=911"},{"taxonomy":"post_tag","embeddable":true,"href":"https:\/\/agromt.news\/index.php?rest_route=%2Fwp%2Fv2%2Ftags&post=911"}],"curies":[{"name":"wp","href":"https:\/\/api.w.org\/{rel}","templated":true}]}}