{"id":907,"date":"2024-08-29T13:53:14","date_gmt":"2024-08-29T17:53:14","guid":{"rendered":"https:\/\/agromt.news\/?p=907"},"modified":"2024-08-29T13:53:14","modified_gmt":"2024-08-29T17:53:14","slug":"receita-liquida-de-maquinas-agricolas-sobe-89-em-julho-ante-junho-diz-abimaq","status":"publish","type":"post","link":"https:\/\/agromt.news\/?p=907","title":{"rendered":"Receita l\u00edquida de m\u00e1quinas agr\u00edcolas sobe 8,9% em julho ante junho, diz Abimaq"},"content":{"rendered":"<p> <br \/>\n<br \/><img decoding=\"async\" src=\"https:\/\/agromt.news\/wp-content\/uploads\/2024\/08\/Receita-liquida-de-maquinas-agricolas-sobe-89-em-julho-ante.jpg\" \/><\/p>\n<div>\n<p>A receita l\u00edquida do setor de <a href=\"https:\/\/www.canalrural.com.br\/tag\/maquinas-agricolas\/\">m\u00e1quinas agr\u00edcolas<\/a> subiu 8,9% em julho, na compara\u00e7\u00e3o com o m\u00eas anterior, de acordo com a Associa\u00e7\u00e3o Brasileira da Ind\u00fastria de M\u00e1quinas e Equipamentos (<strong>Abimaq<\/strong>).<\/p>\n<p><em>Confira na palma da m\u00e3o informa\u00e7\u00f5es quentes sobre agricultura, pecu\u00e1ria, economia e previs\u00e3o do tempo:<\/em><a href=\"https:\/\/www.whatsapp.com\/channel\/0029Va9VnZxGk1FplZjiW43k\"><em> <\/em><strong>siga o Canal Rural no WhatsApp<\/strong><\/a>!<\/p>\n<p>Houve, de acordo com a associa\u00e7\u00e3o, eleva\u00e7\u00e3o de 42,2% na exporta\u00e7\u00e3o de m\u00e1quinas agr\u00edcolas no m\u00eas de julho, na compara\u00e7\u00e3o com junho. J\u00e1 as importa\u00e7\u00f5es cresceram 6,8% na mesma base de compara\u00e7\u00e3o.<\/p>\n<\/div>\n<div>\n<p>Em rela\u00e7\u00e3o ao mesmo m\u00eas de 2023, por\u00e9m, a receita l\u00edquida total contraiu 9,5%. Nessa mesma m\u00e9trica, as exporta\u00e7\u00f5es cresceram 7% e as importa\u00e7\u00f5es registraram expans\u00e3o de 21,3%.<\/p>\n<\/div>\n<p><br \/>\n<br \/><a href=\"https:\/\/www.canalrural.com.br\/agricultura\/receita-liquida-de-maquinas-agricolas-sobe-89-em-julho-ante-junho-diz-abimaq\/\">Source link <\/a><\/p>\n","protected":false},"excerpt":{"rendered":"<p>A receita l\u00edquida do setor de m\u00e1quinas agr\u00edcolas subiu 8,9% em julho, na compara\u00e7\u00e3o com o m\u00eas anterior, de acordo<\/p>\n","protected":false},"author":1,"featured_media":908,"comment_status":"open","ping_status":"open","sticky":false,"template":"","format":"standard","meta":{"_monsterinsights_skip_tracking":false,"_monsterinsights_sitenote_active":false,"_monsterinsights_sitenote_note":"","_monsterinsights_sitenote_category":0,"_uf_show_specific_survey":0,"_uf_disable_surveys":false,"footnotes":""},"categories":[1],"tags":[],"class_list":["post-907","post","type-post","status-publish","format-standard","has-post-thumbnail","hentry","category-news"],"_links":{"self":[{"href":"https:\/\/agromt.news\/index.php?rest_route=\/wp\/v2\/posts\/907"}],"collection":[{"href":"https:\/\/agromt.news\/index.php?rest_route=\/wp\/v2\/posts"}],"about":[{"href":"https:\/\/agromt.news\/index.php?rest_route=\/wp\/v2\/types\/post"}],"author":[{"embeddable":true,"href":"https:\/\/agromt.news\/index.php?rest_route=\/wp\/v2\/users\/1"}],"replies":[{"embeddable":true,"href":"https:\/\/agromt.news\/index.php?rest_route=%2Fwp%2Fv2%2Fcomments&post=907"}],"version-history":[{"count":0,"href":"https:\/\/agromt.news\/index.php?rest_route=\/wp\/v2\/posts\/907\/revisions"}],"wp:featuredmedia":[{"embeddable":true,"href":"https:\/\/agromt.news\/index.php?rest_route=\/wp\/v2\/media\/908"}],"wp:attachment":[{"href":"https:\/\/agromt.news\/index.php?rest_route=%2Fwp%2Fv2%2Fmedia&parent=907"}],"wp:term":[{"taxonomy":"category","embeddable":true,"href":"https:\/\/agromt.news\/index.php?rest_route=%2Fwp%2Fv2%2Fcategories&post=907"},{"taxonomy":"post_tag","embeddable":true,"href":"https:\/\/agromt.news\/index.php?rest_route=%2Fwp%2Fv2%2Ftags&post=907"}],"curies":[{"name":"wp","href":"https:\/\/api.w.org\/{rel}","templated":true}]}}