{"id":9060,"date":"2025-02-04T10:58:14","date_gmt":"2025-02-04T14:58:14","guid":{"rendered":"https:\/\/agromt.news\/?p=9060"},"modified":"2025-02-04T10:58:14","modified_gmt":"2025-02-04T14:58:14","slug":"trump-revoga-a-decisao-de-taxar-produtos-canadenses-por-30-dias","status":"publish","type":"post","link":"https:\/\/agromt.news\/?p=9060","title":{"rendered":"Trump revoga a decis\u00e3o de taxar produtos canadenses por 30 dias"},"content":{"rendered":"<p> <br \/>\n<br \/><img decoding=\"async\" src=\"https:\/\/agromt.news\/wp-content\/uploads\/2025\/02\/Trump-revoga-a-decisao-de-taxar-produtos-canadenses-por-30.jpg\" \/><\/p>\n<div>\n<p>Assim como no caso do M\u00e9xico, o <strong><a href=\"https:\/\/www.canalrural.com.br\/tag\/donaldtrump\/\">presidente dos Estados Unidos, Donald Trump<\/a><\/strong>, decidiu adiar por 30 dias a taxa\u00e7\u00e3o de 25% sobre produtos canadenses. Em ambos, o entendimento envolveu promessas dos vizinhos de refor\u00e7ar a vigil\u00e2ncia na fronteira para coibir o tr\u00e1fico de drogas e a imigra\u00e7\u00e3o ilegal.<\/p>\n<p>O primeiro-ministro do Canad\u00e1, Justin Trudeau, disse que o pa\u00eds vai destinar US$ 1,3 bilh\u00e3o (R$ 7,5 bilh\u00f5es) para a seguran\u00e7a na regi\u00e3o e que indicar\u00e1 um \u201cCzar do Fentanil\u201d para combater o narcotr\u00e1fico.<\/p>\n<\/div>\n<div>\n<p>A presidente do M\u00e9xico, Claudia Sheinbaum, se comprometeu a enviar 10 mil soldados para a divisa com os EUA. Trump disse que os agentes mexicanos seriam deslocados \u201cpara interromper o fluxo de fentanil e de migrantes ilegais\u201d.<\/p>\n<h2 class=\"wp-block-heading\" id=\"h-china-x-eua\">China x EUA<\/h2>\n<p>Os Estados Unidos mantiveram a tarifa de 10% sobre itens da chineses, mas Trump disse que conversar\u00e1 com o presidente Xi Jinping.<\/p>\n<\/p><\/div>\n<p><br \/>\n<br \/><a href=\"https:\/\/www.canalrural.com.br\/internacional\/eua-x-canada-trump-revoga-a-decisao-de-taxar-produtos-canadenses-por-30-dias\/\">Source link <\/a><\/p>\n","protected":false},"excerpt":{"rendered":"<p>Assim como no caso do M\u00e9xico, o presidente dos Estados Unidos, Donald Trump, decidiu adiar por 30 dias a taxa\u00e7\u00e3o<\/p>\n","protected":false},"author":1,"featured_media":9061,"comment_status":"open","ping_status":"open","sticky":false,"template":"","format":"standard","meta":{"_monsterinsights_skip_tracking":false,"_monsterinsights_sitenote_active":false,"_monsterinsights_sitenote_note":"","_monsterinsights_sitenote_category":0,"_uf_show_specific_survey":0,"_uf_disable_surveys":false,"footnotes":""},"categories":[1],"tags":[],"class_list":["post-9060","post","type-post","status-publish","format-standard","has-post-thumbnail","hentry","category-news"],"_links":{"self":[{"href":"https:\/\/agromt.news\/index.php?rest_route=\/wp\/v2\/posts\/9060"}],"collection":[{"href":"https:\/\/agromt.news\/index.php?rest_route=\/wp\/v2\/posts"}],"about":[{"href":"https:\/\/agromt.news\/index.php?rest_route=\/wp\/v2\/types\/post"}],"author":[{"embeddable":true,"href":"https:\/\/agromt.news\/index.php?rest_route=\/wp\/v2\/users\/1"}],"replies":[{"embeddable":true,"href":"https:\/\/agromt.news\/index.php?rest_route=%2Fwp%2Fv2%2Fcomments&post=9060"}],"version-history":[{"count":0,"href":"https:\/\/agromt.news\/index.php?rest_route=\/wp\/v2\/posts\/9060\/revisions"}],"wp:featuredmedia":[{"embeddable":true,"href":"https:\/\/agromt.news\/index.php?rest_route=\/wp\/v2\/media\/9061"}],"wp:attachment":[{"href":"https:\/\/agromt.news\/index.php?rest_route=%2Fwp%2Fv2%2Fmedia&parent=9060"}],"wp:term":[{"taxonomy":"category","embeddable":true,"href":"https:\/\/agromt.news\/index.php?rest_route=%2Fwp%2Fv2%2Fcategories&post=9060"},{"taxonomy":"post_tag","embeddable":true,"href":"https:\/\/agromt.news\/index.php?rest_route=%2Fwp%2Fv2%2Ftags&post=9060"}],"curies":[{"name":"wp","href":"https:\/\/api.w.org\/{rel}","templated":true}]}}