{"id":9052,"date":"2025-02-04T08:31:32","date_gmt":"2025-02-04T12:31:32","guid":{"rendered":"https:\/\/agromt.news\/?p=9052"},"modified":"2025-02-04T08:31:32","modified_gmt":"2025-02-04T12:31:32","slug":"macauba-pode-virar-referencia-em-bioeconomia-e-inovacao","status":"publish","type":"post","link":"https:\/\/agromt.news\/?p=9052","title":{"rendered":"Maca\u00faba pode virar refer\u00eancia em bioeconomia e inova\u00e7\u00e3o"},"content":{"rendered":"<p> <br \/>\n<\/p>\n<div>\n<p>Um fruto de interior amarelo e casca marrom, popularmente conhecido como maca\u00faba ou coco-de-espinho, \u00e9 uma das principais apostas para a produ\u00e7\u00e3o de biocombust\u00edveis no Brasil.\u00a0<\/p>\n<p>Nativa da regi\u00e3o tropical brasileira, a maca\u00faba tem ganhado destaque devido ao seu alto potencial para gerar biodiesel e outros produtos sustent\u00e1veis.\u00a0<\/p>\n<p>Como em S\u00e3o Paulo, Rond\u00f4nia, Minas Gerais e outros estados, o cultivo do fruto est\u00e1 sendo incentivado para fortalecer a bioeconomia e a sustentabilidade.<\/p>\n<p>Em S\u00e3o Paulo, por exemplo, a <a href=\"https:\/\/www.agricultura.sp.gov.br\/pt\/web\/guest\/b\/secretaria-de-agricultura-de-sp-fomenta-producao-sustentavel-da-macauba-para-biocombustiveis\">Secretaria de Agricultura e Abastecimento (SAA)<\/a> tem investido na produ\u00e7\u00e3o sustent\u00e1vel de maca\u00faba, promovendo a cultura como alternativa para a recupera\u00e7\u00e3o de \u00e1reas degradadas e marginais.\u00a0<\/p>\n<p>Isso porque a maca\u00faba se adapta a diferentes tipos de solo e \u00e9 capaz de gerar produtos com alto valor agregado, como<a href=\"https:\/\/www.canalrural.com.br\/economia\/biocombustivel-e-opcao-para-diminuir-dependencia-do-petroleo\/\"> biodiesel e bio-\u00f3leo<\/a>.\u00a0<\/p>\n<p>O biodiesel \u00e9 o produto da rea\u00e7\u00e3o de gordura animal ou vegetal com \u00e1lcool. Sendo que as principais mat\u00e9rias-primas para a produ\u00e7\u00e3o nacional s\u00e3o a soja, o milho e o girassol.<\/p>\n<p>Al\u00e9m de gerar renda, o cultivo desta nova cultura contribui para a recupera\u00e7\u00e3o ambiental, preserva\u00e7\u00e3o de solos degradados e captura de carbono.\u00a0<\/p>\n<p>Enquanto a <a href=\"https:\/\/www.canalrural.com.br\/agricultura\/projeto-soja-brasil\/otimizacao-e-tecnologias-para-a-soja-confira-os-lancamentos-do-setor\/\">soja <\/a>produz cerca de 500 litros de \u00f3leo vegetal por hectare, a maca\u00faba rende aproximadamente 2.500 litros no mesmo espa\u00e7o produtivo, necessitando de 5 vezes menos \u00e1rea plantada.<\/p>\n<blockquote class=\"wp-block-quote is-layout-flow wp-block-quote-is-layout-flow\">\n<p>Guilherme Piai, secret\u00e1rio da SAA, destaca que \u201ca palmeira pode produzir biodiesel e produtos com alto valor agregado, recuperando \u00e1reas ambientais degradadas e gerando renda local, representando uma alternativa importante para os produtores rurais paulistas.\u201d<\/p>\n<\/blockquote>\n<p>Por meio da Coordenadoria de Assist\u00eancia T\u00e9cnica Integral (CATI) e da CATI Sementes e Mudas, o fruto pode ser vi\u00e1vel para<strong> pequenos e m\u00e9dios agricultores<\/strong>, ajudando a alavancar o estado de S\u00e3o Paulo como um polo nacional na produ\u00e7\u00e3o de \u00f3leos vegetais com potencial de alto valor econ\u00f4mico e ambiental.<\/p>\n<blockquote class=\"wp-block-quote is-layout-flow wp-block-quote-is-layout-flow\">\n<p>\u201cA extensa rede da CATI, pode facilitar o acesso \u00e0s mudas e sementes de maca\u00faba aos produtores de todas as regi\u00f5es do estado. Al\u00e9m de garantir pre\u00e7os acess\u00edveis\u201d, diz Marcos Augusto Junior,\u00a0 diretor t\u00e9cnico do Centro de Mudas da CATI.<\/p>\n<\/blockquote>\n<\/div>\n<div>\n<p>Al\u00e9m do potencial econ\u00f4mico, o fruto tamb\u00e9m se destaca por ser uma planta que contribui para a preserva\u00e7\u00e3o ambiental.\u00a0<\/p>\n<blockquote class=\"wp-block-quote is-layout-flow wp-block-quote-is-layout-flow\">\n<p>\u201cPara implantar uma cultura que ainda \u00e9 recente no uso comercial em larga escala, o apoio t\u00e9cnico especializado \u00e9 fundamental\u201d, enfatiza Augusto Junior.<\/p>\n<\/blockquote>\n<ul class=\"wp-block-list\">\n<li><strong><em>Participe do Porteira Aberta Empreender: envie perguntas, sugest\u00f5es e conte sua hist\u00f3ria de empreendedorismo pelo\u00a0<\/em><\/strong><a href=\"https:\/\/api.whatsapp.com\/send?phone=5511932796720&amp;PorteiraAbertaEmpreender=SuaMensagem\"><strong><em>WhatsApp<\/em><\/strong><\/a><\/li>\n<\/ul>\n<figure class=\"wp-block-image size-full\"><img fetchpriority=\"high\" decoding=\"async\" width=\"935\" height=\"567\" alt=\"Uma m\u00e3o segurando algumas maca\u00fabas\" class=\"wp-image-4086068\"  data-lazy- src=\"https:\/\/agromt.news\/wp-content\/uploads\/2025\/02\/Macauba-pode-virar-referencia-em-bioeconomia-e-inovacao.png\"\/><img decoding=\"async\" width=\"935\" height=\"567\" src=\"https:\/\/agromt.news\/wp-content\/uploads\/2025\/02\/Macauba-pode-virar-referencia-em-bioeconomia-e-inovacao.png\" alt=\"Uma m\u00e3o segurando algumas maca\u00fabas\" class=\"wp-image-4086068\"  \/><figcaption class=\"wp-element-caption\">Maca\u00faba silvestre | Foto:  iStock\/Pixabay|<br \/>\n <\/figcaption><\/figure>\n<p>Rond\u00f4nia, por sua vez, tem se destacado no incentivo \u00e0 bioeconomia por meio do programa <a href=\"https:\/\/ro.agenciasebrae.com.br\/inovacao-e-tecnologia\/startup-apoiada-pelo-sebrae-e-referencia-em-bioeconomia-e-inovacao\/\">Inova Amaz\u00f4nia<\/a>, do Sebrae, que apoia neg\u00f3cios inovadores voltados para o desenvolvimento sustent\u00e1vel.\u00a0<\/p>\n<p>Uma das empresas que se beneficiaram deste programa \u00e9 a <a href=\"https:\/\/www.instagram.com\/coill.earth\/#\">Coill<\/a>, uma empresa de tecnologia que usa a maca\u00faba como mat\u00e9ria-prima para biocombust\u00edveis e outros produtos ecol\u00f3gicos.\u00a0<\/p>\n<p>A empresa tamb\u00e9m tem se destacado pelo lan\u00e7amento da plataforma \u201cGuardi\u00f5es da Floresta\u201d, que conecta empresas e cidad\u00e3os interessados em apoiar a preserva\u00e7\u00e3o ambiental da Amaz\u00f4nia.<\/p>\n<p>Segundo o <a href=\"https:\/\/polosebraeagro.sebrae.com.br\/agritech-sebrae\/inocas\/\">Polo Sebrae Agro<\/a>, em Patos de Minas, Minas Gerais, a <a href=\"https:\/\/www.inocas.com.br\/\">Inocas<\/a> se posiciona como uma empresa brasileira vision\u00e1ria no setor agroambiental. Com um firme compromisso com a sustentabilidade.\u00a0<\/p>\n<p>Com a miss\u00e3o de regenerar pelo menos 30.000 hectares de pastagens degradadas, o cultivo da maca\u00faba \u00e9 a grande aposta, usando a colabora\u00e7\u00e3o da <strong>agricultura familiar<\/strong>.<\/p>\n<p>Cerca de 300 agricultores fazem parte do projeto de plantio e extrativismo, enfatizando a import\u00e2ncia da inclus\u00e3o social.<\/p>\n<p>A maca\u00faba, com seu alto rendimento de \u00f3leo por hectare, pode ser vista como uma alternativa do futuro e vi\u00e1vel para o cultivo em \u00e1reas degradadas, permitindo n\u00e3o apenas a recupera\u00e7\u00e3o ambiental, mas tamb\u00e9m o aumento da produ\u00e7\u00e3o de biocombust\u00edveis.\u00a0<\/p>\n<\/p><\/div>\n<p><script async src=\"\/\/www.instagram.com\/embed.js\"><\/script><br \/>\n<br \/><br \/>\n<br \/><a href=\"https:\/\/www.canalrural.com.br\/empreendedorismo\/macauba-pode-virar-referencia-em-bioeconomia-e-inovacao\/\">Source link <\/a><\/p>\n","protected":false},"excerpt":{"rendered":"<p>Um fruto de interior amarelo e casca marrom, popularmente conhecido como maca\u00faba ou coco-de-espinho, \u00e9 uma das principais apostas para<\/p>\n","protected":false},"author":1,"featured_media":9053,"comment_status":"open","ping_status":"open","sticky":false,"template":"","format":"standard","meta":{"_monsterinsights_skip_tracking":false,"_monsterinsights_sitenote_active":false,"_monsterinsights_sitenote_note":"","_monsterinsights_sitenote_category":0,"_uf_show_specific_survey":0,"_uf_disable_surveys":false,"footnotes":""},"categories":[1],"tags":[],"class_list":["post-9052","post","type-post","status-publish","format-standard","has-post-thumbnail","hentry","category-news"],"_links":{"self":[{"href":"https:\/\/agromt.news\/index.php?rest_route=\/wp\/v2\/posts\/9052"}],"collection":[{"href":"https:\/\/agromt.news\/index.php?rest_route=\/wp\/v2\/posts"}],"about":[{"href":"https:\/\/agromt.news\/index.php?rest_route=\/wp\/v2\/types\/post"}],"author":[{"embeddable":true,"href":"https:\/\/agromt.news\/index.php?rest_route=\/wp\/v2\/users\/1"}],"replies":[{"embeddable":true,"href":"https:\/\/agromt.news\/index.php?rest_route=%2Fwp%2Fv2%2Fcomments&post=9052"}],"version-history":[{"count":0,"href":"https:\/\/agromt.news\/index.php?rest_route=\/wp\/v2\/posts\/9052\/revisions"}],"wp:featuredmedia":[{"embeddable":true,"href":"https:\/\/agromt.news\/index.php?rest_route=\/wp\/v2\/media\/9053"}],"wp:attachment":[{"href":"https:\/\/agromt.news\/index.php?rest_route=%2Fwp%2Fv2%2Fmedia&parent=9052"}],"wp:term":[{"taxonomy":"category","embeddable":true,"href":"https:\/\/agromt.news\/index.php?rest_route=%2Fwp%2Fv2%2Fcategories&post=9052"},{"taxonomy":"post_tag","embeddable":true,"href":"https:\/\/agromt.news\/index.php?rest_route=%2Fwp%2Fv2%2Ftags&post=9052"}],"curies":[{"name":"wp","href":"https:\/\/api.w.org\/{rel}","templated":true}]}}