{"id":9050,"date":"2025-02-04T08:10:11","date_gmt":"2025-02-04T12:10:11","guid":{"rendered":"https:\/\/agromt.news\/?p=9050"},"modified":"2025-02-04T08:10:11","modified_gmt":"2025-02-04T12:10:11","slug":"diretoria-da-fpa-se-reune-com-ministro-favaro-para-dialogar-sobre-o-evento","status":"publish","type":"post","link":"https:\/\/agromt.news\/?p=9050","title":{"rendered":"diretoria da FPA se re\u00fane com ministro F\u00e1varo para dialogar sobre o evento"},"content":{"rendered":"<p> <br \/>\n<br \/><img decoding=\"async\" src=\"https:\/\/agromt.news\/wp-content\/uploads\/2025\/02\/diretoria-da-FPA-se-reune-com-ministro-Favaro-para-dialogar.jpeg\" \/><\/p>\n<div>\n<p>O <strong><a href=\"https:\/\/www.canalrural.com.br\/tag\/mapa\/\">ministro da Agricultura e Pecu\u00e1ria, Carlos F\u00e1varo<\/a><\/strong>, reuniu-se nesta segunda-feira (3) com a diretoria da <strong><a href=\"https:\/\/www.canalrural.com.br\/tag\/fpa\/\">Frente Parlamentar da Agropecu\u00e1ria (FPA)<\/a><\/strong> para dialogar sobre as pautas do setor que ser\u00e3o apresentadas na <strong><a href=\"https:\/\/www.canalrural.com.br\/cop30\/\">30\u00aa Confer\u00eancia das Na\u00e7\u00f5es Unidas sobre Mudan\u00e7a do Clima (COP30)<\/a><\/strong>, que ocorre em Bel\u00e9m (PA), no m\u00eas de novembro.<\/p>\n<p>Na ocasi\u00e3o, foram debatidas a participa\u00e7\u00e3o do setor e a abrang\u00eancia dos temas que ser\u00e3o abordados: agricultura, pecu\u00e1ria, floresta e sistemas alimentares. Tamb\u00e9m foi discutido o Programa Nacional de Convers\u00e3o de Pastagens Degradadas (PNCPD), que tem o potencial de dobrar a produ\u00e7\u00e3o agr\u00edcola nacional sem desmatamento. Al\u00e9m disso, foram analisadas as possibilidades de contribui\u00e7\u00e3o da Embrapa, especialmente no que diz respeito \u00e0 aplica\u00e7\u00e3o de tecnologia e inova\u00e7\u00e3o no campo.<\/p>\n<blockquote class=\"wp-block-quote is-layout-flow wp-block-quote-is-layout-flow\">\n<p>\u201cO Minist\u00e9rio da Agricultura \u00e9 a casa da agropecu\u00e1ria brasileira. Hoje, realizamos uma reuni\u00e3o fundamental com a Frente Parlamentar da Agropecu\u00e1ria (FPA) para alinhar estrat\u00e9gias e posicionamentos em rela\u00e7\u00e3o \u00e0 COP30, que ser\u00e1 realizada em novembro, em Bel\u00e9m do Par\u00e1. \u00c9 essencial que o agro esteja unido e preparado para mostrar ao mundo as conquistas e boas pr\u00e1ticas da agropecu\u00e1ria brasileira. Temos muito a contribuir e a apresentar com orgulho\u201d, destacou F\u00e1varo.<\/p>\n<\/blockquote>\n<\/div>\n<div>\n<p>O presidente da FPA afirmou a jornalistas que o minist\u00e9rio tem apoio da bancada para apresentar o trabalho do setor. \u201cEstaremos prontos para mostrarmos os pontos chave da nossa produ\u00e7\u00e3o agropecu\u00e1ria regenerativa, da agropecu\u00e1ria tropical com responsabilidade socioambiental e todas as boas para deixarmos um legado positivo do setor em Bel\u00e9m\u201d, disse. <\/p>\n<p>Lupion disse ver boa inten\u00e7\u00e3o do governo sobre o tema. \u201cH\u00e1 uma demonstra\u00e7\u00e3o de boa vontade de trabalharmos juntos em um tema importante como esse\u201d, afirmou.<\/p>\n<p>Tamb\u00e9m participaram do encontro o secret\u00e1rio de Inova\u00e7\u00e3o, Desenvolvimento Sustent\u00e1vel, Irriga\u00e7\u00e3o e Cooperativismo, Pedro Neto; o secret\u00e1rio-executivo adjunto, Cleber Soares; o assessor especial do ministro, Carlos Augustin; e a presidente da Embrapa, Silvia Massruh\u00e1. Representando a diretoria da FPA, estiveram o presidente, deputado federal Pedro Lupion (PP-PR); os senadores Tereza Cristina (PP-MS), Jaime Bagattoli (PL-RO) e Zequinha Marinho (Podemos-PA); e os deputados federais Arnaldo Jardim (Cidadania-SP), Marussa Boldrin (MDB-GO), Ana Paula Le\u00e3o (PP-MG), Coronel Meira (PL-PE), Vicentinho Junior (PP-TO), Domingos S\u00e1vio (PL-MG), Rafael Pezenti (MDB-SC) e Z\u00e9 Vitor (PL-MG).<\/p>\n<h2 class=\"wp-block-heading\" id=\"h-cop30\">COP30<\/h2>\n<p>A 30\u00aa Confer\u00eancia das Na\u00e7\u00f5es Unidas sobre Mudan\u00e7a do Clima (Confer\u00eancia das Partes), mais conhecida como COP30, \u00e9 um encontro global anual que re\u00fane l\u00edderes mundiais, cientistas, organiza\u00e7\u00f5es n\u00e3o governamentais e representantes da sociedade civil para discutir a\u00e7\u00f5es no combate \u00e0s mudan\u00e7as clim\u00e1ticas. \u00c9 considerado um dos principais eventos sobre o tema no mundo.<\/p>\n<p><em>*Com informa\u00e7\u00f5es do Minist\u00e9rio da Agricultura e Pecu\u00e1ria<\/em><\/p>\n<\/p><\/div>\n<p><br \/>\n<br \/><a href=\"https:\/\/www.canalrural.com.br\/cop30\/cop30-diretoria-da-fpa-se-reune-com-ministro-favaro-para-dialogar-sobre-o-evento\/\">Source link <\/a><\/p>\n","protected":false},"excerpt":{"rendered":"<p>O ministro da Agricultura e Pecu\u00e1ria, Carlos F\u00e1varo, reuniu-se nesta segunda-feira (3) com a diretoria da Frente Parlamentar da Agropecu\u00e1ria<\/p>\n","protected":false},"author":1,"featured_media":9051,"comment_status":"open","ping_status":"open","sticky":false,"template":"","format":"standard","meta":{"_monsterinsights_skip_tracking":false,"_monsterinsights_sitenote_active":false,"_monsterinsights_sitenote_note":"","_monsterinsights_sitenote_category":0,"_uf_show_specific_survey":0,"_uf_disable_surveys":false,"footnotes":""},"categories":[1],"tags":[],"class_list":["post-9050","post","type-post","status-publish","format-standard","has-post-thumbnail","hentry","category-news"],"_links":{"self":[{"href":"https:\/\/agromt.news\/index.php?rest_route=\/wp\/v2\/posts\/9050"}],"collection":[{"href":"https:\/\/agromt.news\/index.php?rest_route=\/wp\/v2\/posts"}],"about":[{"href":"https:\/\/agromt.news\/index.php?rest_route=\/wp\/v2\/types\/post"}],"author":[{"embeddable":true,"href":"https:\/\/agromt.news\/index.php?rest_route=\/wp\/v2\/users\/1"}],"replies":[{"embeddable":true,"href":"https:\/\/agromt.news\/index.php?rest_route=%2Fwp%2Fv2%2Fcomments&post=9050"}],"version-history":[{"count":0,"href":"https:\/\/agromt.news\/index.php?rest_route=\/wp\/v2\/posts\/9050\/revisions"}],"wp:featuredmedia":[{"embeddable":true,"href":"https:\/\/agromt.news\/index.php?rest_route=\/wp\/v2\/media\/9051"}],"wp:attachment":[{"href":"https:\/\/agromt.news\/index.php?rest_route=%2Fwp%2Fv2%2Fmedia&parent=9050"}],"wp:term":[{"taxonomy":"category","embeddable":true,"href":"https:\/\/agromt.news\/index.php?rest_route=%2Fwp%2Fv2%2Fcategories&post=9050"},{"taxonomy":"post_tag","embeddable":true,"href":"https:\/\/agromt.news\/index.php?rest_route=%2Fwp%2Fv2%2Ftags&post=9050"}],"curies":[{"name":"wp","href":"https:\/\/api.w.org\/{rel}","templated":true}]}}