{"id":9048,"date":"2025-02-04T07:12:55","date_gmt":"2025-02-04T11:12:55","guid":{"rendered":"https:\/\/agromt.news\/?p=9048"},"modified":"2025-02-04T07:12:55","modified_gmt":"2025-02-04T11:12:55","slug":"commodities-do-agronegocio-brasileiro-poderao-ser-taxadas-pelos-eua","status":"publish","type":"post","link":"https:\/\/agromt.news\/?p=9048","title":{"rendered":"Commodities do agroneg\u00f3cio brasileiro poder\u00e3o ser taxadas pelos EUA"},"content":{"rendered":"<p> <br \/>\n<br \/><img decoding=\"async\" src=\"https:\/\/agromt.news\/wp-content\/uploads\/2025\/02\/Commodities-do-agronegocio-brasileiro-poderao-ser-taxadas-pelos-EUA.jpg\" \/><\/p>\n<div>\n<p>O presidente da <strong><a href=\"https:\/\/www.canalrural.com.br\/tag\/fpa\/\">Frente Parlamentar da Agropecu\u00e1ria (FPA)<\/a><\/strong>, deputado federal Pedro Lupion (PP-PR), v\u00ea prov\u00e1vel<strong><a href=\"https:\/\/www.canalrural.com.br\/internacional\/trump-espera-conversar-com-china-em-breve-mas-ameaca-elevar-tarifas\/\"> imposi\u00e7\u00e3o de tarifas pelos Estados Unidos <\/a><\/strong>sobre produtos agropecu\u00e1rios brasileiros, como o governo Donald Trump vem adotando com outros pa\u00edses. <\/p>\n<p>\u201cAcho que ter\u00e1 tarifas. N\u00e3o \u00e9 nada imprevis\u00edvel, pois j\u00e1 tivemos problemas comerciais com os Estados Unidos em v\u00e1rios momentos, como os casos emblem\u00e1ticos do algod\u00e3o, camar\u00e3o, do suco de laranja\u201d, afirmou o presidente da bancada agropecu\u00e1ria a jornalistas ap\u00f3s sair de uma reuni\u00e3o com o <strong><a href=\"https:\/\/www.canalrural.com.br\/tag\/mapa\/\">ministro da Agricultura, Carlos F\u00e1varo<\/a><\/strong>. <\/p>\n<blockquote class=\"wp-block-quote is-layout-flow wp-block-quote-is-layout-flow\">\n<p>\u201cPrecisamos estar muito atentos a essa quest\u00e3o, mas n\u00e3o imagino que n\u00e3o haja algum tipo de repres\u00e1lia dos Estados Unidos\u201d, avaliou.<\/p>\n<\/blockquote>\n<\/div>\n<div>\n<p>O presidente da FPA citou a disputa antiga entre Brasil e Estados Unidos em rela\u00e7\u00e3o ao a\u00e7\u00facar e ao etanol. O Brasil quer ampliar a cota de a\u00e7\u00facar isento de imposto que pode ser exportado aos Estados Unidos, enquanto os norte-americanos pleiteiam h\u00e1 anos a redu\u00e7\u00e3o do imposto de etanol exportado ao Brasil, hoje de 18%. \u201c\u00c9 uma briga antigu\u00edssima. N\u00e3o h\u00e1 previs\u00e3o nenhuma de que se reverta, lembrando que \u00e9 perfil dos americanos o protecionismo sobre o seu mercado\u201d, pontuou.<\/p>\n<p>Lupion disse torcer para que o Itamaraty esteja preparado para esse tipo de negocia\u00e7\u00e3o com os Estados Unidos. Questionado se h\u00e1 condi\u00e7\u00f5es de o presidente Lula e o Pal\u00e1cio do Planalto negociarem com o presidente Donald Trump, Lupion respondeu que n\u00e3o h\u00e1 op\u00e7\u00e3o. \u201cEle (Trump) est\u00e1 l\u00e1 e o Lula est\u00e1 aqui. N\u00e3o h\u00e1 previs\u00e3o disso mudar t\u00e3o logo. Ent\u00e3o, eles v\u00e3o ter que sentar e negociar\u201d, afirmou Lupion. \u201cS\u00e3o duas pot\u00eancias produtivas. S\u00e3o grandes pa\u00edses que t\u00eam protagonismo nas Am\u00e9ricas e eles precisam sentar e negociar. \u00c9 uma quest\u00e3o de mercado e uma negocia\u00e7\u00e3o bilateral ter\u00e1 que acontecer\u201d, observou, citando desafios em comuns entre os pa\u00edses como alimentos baratos e gera\u00e7\u00e3o de emprego.<\/p>\n<p>Para o presidente da bancada do agro, demandas brasileiras como o aumento da cota de carne bovina exportada aos Estados Unidos sem imposto, hoje de 65 mil toneladas, e at\u00e9 mesmo uma maior cota de a\u00e7\u00facar isento de tarifas de exporta\u00e7\u00e3o poder\u00e3o ser negociadas em contrapartidas. \u201cDo mesmo jeito que a gente pede, eles tamb\u00e9m pedem, ent\u00e3o pode ser que aconte\u00e7am coisas de necessidade dos americanos aqui no Brasil que nos deem oportunidades l\u00e1. H\u00e1 oportunidades e amea\u00e7as em cada uma das negocia\u00e7\u00f5es\u201d, avaliou.<\/p>\n<p>Lupion destacou que o perfil de Trump, como mandat\u00e1rio, e o governo com vis\u00e3o mais protecionista ter\u00e3o impactos nessas tratativas, citando uma postura combativa de Trump. \u201cMas eles n\u00e3o v\u00e3o querer romper todas as rela\u00e7\u00f5es ou criar problemas comerciais com todos os pa\u00edses que s\u00e3o potenciais aliados dos americanos, independente da quest\u00e3o ideol\u00f3gica do presidente. Eles tamb\u00e9m precisam da gente, sendo, portanto, uma quest\u00e3o de se adaptar ao mercado e conseguir se organizar\u201d, ponderou, mencionando a presen\u00e7a de in\u00fameras empresas brasileiras na produ\u00e7\u00e3o de carne nos Estados Unidos.<\/p>\n<\/p><\/div>\n<p><br \/>\n<br \/><a href=\"https:\/\/www.canalrural.com.br\/agricultura\/lupion-ve-provavel-imposicao-de-tarifas-pelos-eua-sobre-produtos-do-agro-do-brasil\/\">Source link <\/a><\/p>\n","protected":false},"excerpt":{"rendered":"<p>O presidente da Frente Parlamentar da Agropecu\u00e1ria (FPA), deputado federal Pedro Lupion (PP-PR), v\u00ea prov\u00e1vel imposi\u00e7\u00e3o de tarifas pelos Estados<\/p>\n","protected":false},"author":1,"featured_media":9049,"comment_status":"open","ping_status":"open","sticky":false,"template":"","format":"standard","meta":{"_monsterinsights_skip_tracking":false,"_monsterinsights_sitenote_active":false,"_monsterinsights_sitenote_note":"","_monsterinsights_sitenote_category":0,"_uf_show_specific_survey":0,"_uf_disable_surveys":false,"footnotes":""},"categories":[1],"tags":[],"class_list":["post-9048","post","type-post","status-publish","format-standard","has-post-thumbnail","hentry","category-news"],"_links":{"self":[{"href":"https:\/\/agromt.news\/index.php?rest_route=\/wp\/v2\/posts\/9048"}],"collection":[{"href":"https:\/\/agromt.news\/index.php?rest_route=\/wp\/v2\/posts"}],"about":[{"href":"https:\/\/agromt.news\/index.php?rest_route=\/wp\/v2\/types\/post"}],"author":[{"embeddable":true,"href":"https:\/\/agromt.news\/index.php?rest_route=\/wp\/v2\/users\/1"}],"replies":[{"embeddable":true,"href":"https:\/\/agromt.news\/index.php?rest_route=%2Fwp%2Fv2%2Fcomments&post=9048"}],"version-history":[{"count":0,"href":"https:\/\/agromt.news\/index.php?rest_route=\/wp\/v2\/posts\/9048\/revisions"}],"wp:featuredmedia":[{"embeddable":true,"href":"https:\/\/agromt.news\/index.php?rest_route=\/wp\/v2\/media\/9049"}],"wp:attachment":[{"href":"https:\/\/agromt.news\/index.php?rest_route=%2Fwp%2Fv2%2Fmedia&parent=9048"}],"wp:term":[{"taxonomy":"category","embeddable":true,"href":"https:\/\/agromt.news\/index.php?rest_route=%2Fwp%2Fv2%2Fcategories&post=9048"},{"taxonomy":"post_tag","embeddable":true,"href":"https:\/\/agromt.news\/index.php?rest_route=%2Fwp%2Fv2%2Ftags&post=9048"}],"curies":[{"name":"wp","href":"https:\/\/api.w.org\/{rel}","templated":true}]}}