{"id":9046,"date":"2025-02-04T07:04:22","date_gmt":"2025-02-04T11:04:22","guid":{"rendered":"https:\/\/agromt.news\/?p=9046"},"modified":"2025-02-04T07:04:22","modified_gmt":"2025-02-04T11:04:22","slug":"vendas-semanais-abaixo-do-esperado-trazem-mais-pressao-negativa-para-o-milho","status":"publish","type":"post","link":"https:\/\/agromt.news\/?p=9046","title":{"rendered":"Vendas semanais abaixo do esperado trazem mais press\u00e3o negativa para o milho&#8230;"},"content":{"rendered":"<p> <br \/>\n<\/p>\n<div>\n<p><img decoding=\"async\" alt=\"Logotipo Not&#xED;cias Agr&#xED;colas\" height=\"21\" src=\"https:\/\/cdn.noticiasagricolas.com.br\/dbimagens\/e12363a00741f9cc7caf23469101a4aa.png\" width=\"106\"\/><\/p>\n<p>Os pre\u00e7os futuros do milho perderam for\u00e7a na Bolsa Brasileira (B3) ao longo do preg\u00e3o desta sexta-feira (03). As principais cota\u00e7\u00f5es flutuavam na faixa entre R$ 72,44 e R$ 73,19 por volta das 12h56 (hor\u00e1rio de Bras\u00edlia), ficando pr\u00f3ximos da estabilidade.\u00a0<\/p>\n<p>O vencimento janeiro\/25 era cotado \u00e0 R$ 73,19 com queda de 0,10%, o mar\u00e7o\/25 valia R$ 73,18 com perda de 0,11% e o maio\/25 era negociado por R$ 72,44 com baixa de 0,12%.\u00a0<\/p>\n<h2>Mercado Externo\u00a0<\/h2>\n<p>J\u00e1 a Bolsa de Chicago (CBOT), segue com movimenta\u00e7\u00f5es negativas para os pre\u00e7os internacionais do milho futuro ao longo do preg\u00e3o desta sexta-feira.\u00a0<\/p>\n<p>Por volta das 12h51 (hor\u00e1rio de Bras\u00edlia), o mar\u00e7o\/25 era cotado \u00e0 US$ 4,51 com baixa de 7,75 pontos, o maio\/25 valia US$ 4,59 com desvaloriza\u00e7\u00e3o de 8,00 pontos, o julho\/25 era negociado por US$ 4,62 com perda de 8,00 pontos e o setembro\/25 tinha valor de US$ 4,38 com queda de 6,75 pontos.\u00a0<\/p>\n<p>Os n\u00fameros do USDA (Departamento de Agricultura dos Estados Unidos) para as vendas semanais de milho para exporta\u00e7\u00e3o somaram 777 mil toneladas, ficando abaixo do intervalo esperado pelo mercado de 800 mil a 1,4 milh\u00e3o de toneladas.\u00a0<\/p>\n<p>\u201cAs vendas semanais de exporta\u00e7\u00e3o relatadas esta manh\u00e3 foram decepcionantes em todos os aspectos. As vendas l\u00edquidas de milho na semana encerrada em 26 de dezembro chegaram a 777.000 toneladas m\u00e9tricas, queda de 44% em rela\u00e7\u00e3o \u00e0 m\u00e9dia de quatro semanas e abaixo das estimativas comerciais\u201d, informou o Brock Report, conforme reportado pelo site internacional Successful Farming.\u00a0<\/p>\n<\/p><\/div>\n<p><script async defer src=\"https:\/\/connect.facebook.net\/en_US\/sdk.js\" type=\"ac90eeeeefb2d383ce754f23-text\/javascript\"><\/script><script type=\"ac90eeeeefb2d383ce754f23-text\/javascript\">\n  !function(f,b,e,v,n,t,s)\n  {if(f.fbq)return;n=f.fbq=function(){n.callMethod?\n    n.callMethod.apply(n,arguments):n.queue.push(arguments)};\n    if(!f._fbq)f._fbq=n;n.push=n;n.loaded=!0;n.version='2.0';\n    n.queue=[];t=b.createElement(e);t.async=!0;\n    t.src=v;s=b.getElementsByTagName(e)[0];\n    s.parentNode.insertBefore(t,s)}(window, document,'script',\n    'https:\/\/connect.facebook.net\/en_US\/fbevents.js');\n  fbq('init', '153495679422335');\n  fbq('track', 'PageView');\n<\/script><br \/>\n<br \/><br \/>\n<br \/><a href=\"https:\/\/www.noticiasagricolas.com.br\/noticias\/milho\/391604-vendas-semanais-abaixo-do-esperado-trazem-mais-pressao-negativa-para-o-milho-em-chicago.html\">Source link <\/a><\/p>\n","protected":false},"excerpt":{"rendered":"<p>Os pre\u00e7os futuros do milho perderam for\u00e7a na Bolsa Brasileira (B3) ao longo do preg\u00e3o desta sexta-feira (03). As principais<\/p>\n","protected":false},"author":1,"featured_media":9047,"comment_status":"open","ping_status":"open","sticky":false,"template":"","format":"standard","meta":{"_monsterinsights_skip_tracking":false,"_monsterinsights_sitenote_active":false,"_monsterinsights_sitenote_note":"","_monsterinsights_sitenote_category":0,"_uf_show_specific_survey":0,"_uf_disable_surveys":false,"footnotes":""},"categories":[8,1,14,16],"tags":[],"class_list":["post-9046","post","type-post","status-publish","format-standard","has-post-thumbnail","hentry","category-agro","category-news","category-politica-agro","category-safra"],"_links":{"self":[{"href":"https:\/\/agromt.news\/index.php?rest_route=\/wp\/v2\/posts\/9046"}],"collection":[{"href":"https:\/\/agromt.news\/index.php?rest_route=\/wp\/v2\/posts"}],"about":[{"href":"https:\/\/agromt.news\/index.php?rest_route=\/wp\/v2\/types\/post"}],"author":[{"embeddable":true,"href":"https:\/\/agromt.news\/index.php?rest_route=\/wp\/v2\/users\/1"}],"replies":[{"embeddable":true,"href":"https:\/\/agromt.news\/index.php?rest_route=%2Fwp%2Fv2%2Fcomments&post=9046"}],"version-history":[{"count":0,"href":"https:\/\/agromt.news\/index.php?rest_route=\/wp\/v2\/posts\/9046\/revisions"}],"wp:featuredmedia":[{"embeddable":true,"href":"https:\/\/agromt.news\/index.php?rest_route=\/wp\/v2\/media\/9047"}],"wp:attachment":[{"href":"https:\/\/agromt.news\/index.php?rest_route=%2Fwp%2Fv2%2Fmedia&parent=9046"}],"wp:term":[{"taxonomy":"category","embeddable":true,"href":"https:\/\/agromt.news\/index.php?rest_route=%2Fwp%2Fv2%2Fcategories&post=9046"},{"taxonomy":"post_tag","embeddable":true,"href":"https:\/\/agromt.news\/index.php?rest_route=%2Fwp%2Fv2%2Ftags&post=9046"}],"curies":[{"name":"wp","href":"https:\/\/api.w.org\/{rel}","templated":true}]}}