{"id":9044,"date":"2025-02-04T05:49:06","date_gmt":"2025-02-04T09:49:06","guid":{"rendered":"https:\/\/agromt.news\/?p=9044"},"modified":"2025-02-04T05:49:06","modified_gmt":"2025-02-04T09:49:06","slug":"mercado-de-feijao-tem-precos-baixos-e-consumo-em-alta","status":"publish","type":"post","link":"https:\/\/agromt.news\/?p=9044","title":{"rendered":"Mercado de feij\u00e3o tem pre\u00e7os baixos e consumo em alta"},"content":{"rendered":"<p> <br \/>\n<\/p>\n<div>\n<div class=\"row\">\n<div class=\"col-lg col-infos mt-3 mt-lg-0\">\n<div class=\"section-sub-title\">\n<p itemprop=\"description\">&#13;<br \/>\n                                A expectativa do setor sempre recai sobre melhores pre\u00e7os e volumes&#13;\n                            <\/p>\n<\/p><\/div>\n<div class=\"container\">\n<div class=\"row\">\n<div class=\"col-lg p-0\">\n<div>\n<div class=\"block-news-main-infos mt-3 text-start\">\n<p>                                            <strong class=\"fn\" itemprop=\"author\" style=\"color: rgb(112, 112, 112); \">&#13;<br \/>\n                                                <a href=\"https:\/\/www.agrolink.com.br\/noticias\/javascript:;\" class=\"text-uppercase\" target=\"_blank\" style=\"color: rgb(112, 112, 112); \" rel=\"noopener\">Agrolink<\/a>&#13;<br \/>\n&#13;<br \/>\n                                                    &#8211; Leonardo Gottems&#13;<br \/>\n&#13;<br \/>\n                                            <\/strong><br \/>\n                                        <\/p>\n<p>                                            <abbr><time datetime=\"2025-02-03T06:51\" itemprop=\"datePublished dateModified\">Publicado em 03\/02\/2025 \u00e0s 06:51h.<\/time><\/abbr><br \/>\n                                            <\/p><\/div>\n<\/p><\/div>\n<\/p><\/div>\n<div class=\"col-lg p-0 text-lg-end\">\n<div>\n<div id=\"mdEnviarPagina\" class=\"modal fade\" role=\"dialog\">\n<div class=\"modal-dialog\">\n<div class=\"modal-content\">\n<div class=\"modal-body\">\n<p><strong>Estimado usu\u00e1rio.<\/strong><br \/>Preencha o formul\u00e1rio abaixo para remeter a p\u00e1gina.<\/p>\n<\/p><\/div>\n<\/p><\/div>\n<\/p><\/div>\n<\/div><\/div>\n<\/p><\/div>\n<\/p><\/div>\n<\/p><\/div>\n<\/p><\/div>\n<\/p><\/div>\n<div class=\"row justify-content-md-center mt-3\">\n<div class=\"col-lg-auto col-image  block-news-main-image d-none d-md-block\">\n<p>                                <img decoding=\"async\" src=\"https:\/\/www.agrolink.com.br\/upload\/imagens-resizes\/d77095f34d4e4fdb8450af01de57061c_858x483.jpg\" class=\"lazyload \" alt=\"Empacotadores com marcas secund\u00e1rias e terci\u00e1rias t\u00eam registrado vendas razo\u00e1veis\"\/><br \/>\n                                                <span class=\"d-block mt-1\">Empacotadores com marcas secund\u00e1rias e terci\u00e1rias t\u00eam registrado vendas razo\u00e1veis &#8211; Foto: Divulga\u00e7\u00e3o <\/span><\/p><\/div>\n<\/p><\/div>\n<div class=\"section-description section-description-noticias mt-3\">\n<p>Os pre\u00e7os do <a href=\"https:\/\/www.agrolink.com.br\/culturas\/feijao\/?utm_source=agrolink-detalhe-noticia&amp;utm_medium=detalhe-noticia&amp;utm_campaign=links-internos\" target=\"_blank\" rel=\"noopener\">feij\u00e3o<\/a>-carioca continuam pressionados, refletindo o impacto da safra danificada pelas chuvas. Segundo o Instituto Brasileiro de <a href=\"https:\/\/www.agrolink.com.br\/culturas\/feijao\/?utm_source=agrolink-detalhe-noticia&amp;utm_medium=detalhe-noticia&amp;utm_campaign=links-internos\" target=\"_blank\" rel=\"noopener\">feij\u00e3o<\/a> e Pulses (Ibrafe), o consumo tem aumentado gradativamente em rela\u00e7\u00e3o ao ano passado, impulsionado pelos pre\u00e7os mais baixos. Em janeiro de 2024, os melhores lotes foram negociados a R$ 331, enquanto hoje a refer\u00eancia est\u00e1 em R$ 220. Lotes abaixo desse valor variam conforme a qualidade, permitindo que o consumidor encontre pre\u00e7os acess\u00edveis, ainda que sem acesso ao produto de melhor qualidade.&#13;\n<\/p>\n<p>Empacotadores com marcas secund\u00e1rias e terci\u00e1rias t\u00eam registrado vendas razo\u00e1veis, mas o consumidor n\u00e3o v\u00ea necessidade de estocar o produto. Al\u00e9m disso, a infla\u00e7\u00e3o de outros alimentos restringe a capacidade de forma\u00e7\u00e3o de estoques. Apesar da ampla oferta do gr\u00e3o em diversos estados, as vendas ficaram abaixo do esperado. No entanto, um bom volume foi comercializado nesta semana, ainda que os pre\u00e7os baixos impe\u00e7am uma divulga\u00e7\u00e3o detalhada das negocia\u00e7\u00f5es. Corretores e compradores, por\u00e9m, confirmam o ritmo do mercado.<\/p>\n<p>A expectativa do setor sempre recai sobre melhores pre\u00e7os e volumes, mas, considerando o pico da safra em janeiro e a qualidade afetada pela chuva, as vendas foram avaliadas como razo\u00e1veis. Os valores m\u00e1ximos se mantiveram em R$ 220 para o Feij\u00e3o-carioca nota 8,5\/9 em Goi\u00e1s e R$ 230 em Minas Gerais, com grande varia\u00e7\u00e3o abaixo desses patamares.&#13;\n<\/p>\n<p>\u201cCom Feij\u00e3o dispon\u00edvel em v\u00e1rios estados, as vendas foram abaixo do ideal. No entanto, um bom volume foi escoado esta semana das fontes. Como os pre\u00e7os est\u00e3o muito baixos, h\u00e1 poucos coment\u00e1rios sobre quantidades e valores negociados, mas compradores e corretores acabam revelando o ritmo do mercado\u201d, conclui.<br \/>&#13;<br \/>\n\u00a0<\/p>\n<\/p><\/div>\n<\/p><\/div>\n<p><script data-cfasync=\"false\">\n    !function (f, b, e, v, n, t, s) {\n        if (f.fbq) return; n = f.fbq = function () {\n            n.callMethod ?\n                n.callMethod.apply(n, arguments) : n.queue.push(arguments)\n        };\n        if (!f._fbq) f._fbq = n; n.push = n; n.loaded = !0; n.version = '2.0';\n        n.queue = []; t = b.createElement(e); t.async = !0;\n        t.src = v; s = b.getElementsByTagName(e)[0];\n        s.parentNode.insertBefore(t, s)\n    }(window, document, 'script',\n        'https:\/\/connect.facebook.net\/en_US\/fbevents.js');\n    fbq('init', '522546078623747');\n    fbq('track', 'PageView');\n<\/script><br \/>\n<br \/><br \/>\n<br \/><a href=\"https:\/\/www.agrolink.com.br\/noticias\/mercado-de-feijao-tem-precos-baixos-e-consumo-em-alta_498961.html\">Source link <\/a><\/p>\n","protected":false},"excerpt":{"rendered":"<p>&#13; A expectativa do setor sempre recai sobre melhores pre\u00e7os e volumes&#13; &#13; Agrolink&#13; &#13; &#8211; Leonardo Gottems&#13; &#13; Publicado<\/p>\n","protected":false},"author":1,"featured_media":1792,"comment_status":"open","ping_status":"open","sticky":false,"template":"","format":"standard","meta":{"_monsterinsights_skip_tracking":false,"_monsterinsights_sitenote_active":false,"_monsterinsights_sitenote_note":"","_monsterinsights_sitenote_category":0,"_uf_show_specific_survey":0,"_uf_disable_surveys":false,"footnotes":""},"categories":[8,1,14],"tags":[],"class_list":["post-9044","post","type-post","status-publish","format-standard","has-post-thumbnail","hentry","category-agro","category-news","category-politica-agro"],"_links":{"self":[{"href":"https:\/\/agromt.news\/index.php?rest_route=\/wp\/v2\/posts\/9044"}],"collection":[{"href":"https:\/\/agromt.news\/index.php?rest_route=\/wp\/v2\/posts"}],"about":[{"href":"https:\/\/agromt.news\/index.php?rest_route=\/wp\/v2\/types\/post"}],"author":[{"embeddable":true,"href":"https:\/\/agromt.news\/index.php?rest_route=\/wp\/v2\/users\/1"}],"replies":[{"embeddable":true,"href":"https:\/\/agromt.news\/index.php?rest_route=%2Fwp%2Fv2%2Fcomments&post=9044"}],"version-history":[{"count":0,"href":"https:\/\/agromt.news\/index.php?rest_route=\/wp\/v2\/posts\/9044\/revisions"}],"wp:featuredmedia":[{"embeddable":true,"href":"https:\/\/agromt.news\/index.php?rest_route=\/wp\/v2\/media\/1792"}],"wp:attachment":[{"href":"https:\/\/agromt.news\/index.php?rest_route=%2Fwp%2Fv2%2Fmedia&parent=9044"}],"wp:term":[{"taxonomy":"category","embeddable":true,"href":"https:\/\/agromt.news\/index.php?rest_route=%2Fwp%2Fv2%2Fcategories&post=9044"},{"taxonomy":"post_tag","embeddable":true,"href":"https:\/\/agromt.news\/index.php?rest_route=%2Fwp%2Fv2%2Ftags&post=9044"}],"curies":[{"name":"wp","href":"https:\/\/api.w.org\/{rel}","templated":true}]}}