{"id":9036,"date":"2025-02-04T01:14:44","date_gmt":"2025-02-04T05:14:44","guid":{"rendered":"https:\/\/agromt.news\/?p=9036"},"modified":"2025-02-04T01:14:44","modified_gmt":"2025-02-04T05:14:44","slug":"uniao-europeia-perde-53-milhoes-de-exploracoes-agricolas","status":"publish","type":"post","link":"https:\/\/agromt.news\/?p=9036","title":{"rendered":"Uni\u00e3o Europeia perde 5,3 milh\u00f5es de explora\u00e7\u00f5es agr\u00edcolas"},"content":{"rendered":"<p> <br \/>\n<\/p>\n<div>\n<p>A Uni\u00e3o Europeia perdeu 5,3 milh\u00f5es de explora\u00e7\u00f5es agr\u00edcolas entre 2005 e 2020, segundo dados do Eurostat. Em 2020, o bloco contava com pouco mais de 9 milh\u00f5es de explora\u00e7\u00f5es, refletindo um processo de concentra\u00e7\u00e3o de terras. A Rom\u00eania liderou essa redu\u00e7\u00e3o, perdendo cerca de 1,4 milh\u00e3o de propriedades no per\u00edodo, mas ainda mant\u00e9m o maior n\u00famero de explora\u00e7\u00f5es agr\u00edcolas na UE, com 2,9 milh\u00f5es, mais que o dobro das 1,3 milh\u00f5es registradas na Pol\u00f4nia. \u00a0&#13;\n<\/p>\n<p>A estrutura fundi\u00e1ria europeia evidencia uma grande desigualdade. Quase dois ter\u00e7os das explora\u00e7\u00f5es possuem at\u00e9 5 hectares, enquanto propriedades com 50 hectares ou mais representam apenas 7,5% do total, mas ocupam 68,2% da superf\u00edcie agr\u00edcola utilizada (SAU). Na Rom\u00eania, 90% das explora\u00e7\u00f5es s\u00e3o pequenas, mas apenas 0,9% das propriedades maiores cultivam mais da metade da SAU do pa\u00eds. Portugal segue um padr\u00e3o semelhante, com 73,4% das suas explora\u00e7\u00f5es abaixo de 5 hectares, enquanto pa\u00edses como Fran\u00e7a, Alemanha e Dinamarca possuem mais propriedades acima de 50 hectares. \u00a0<\/p>\n<p>A produ\u00e7\u00e3o agr\u00edcola da Uni\u00e3o Europeia tamb\u00e9m se concentra em poucos pa\u00edses. Em 2020, mais de 60% da produ\u00e7\u00e3o padr\u00e3o do bloco veio de It\u00e1lia (18,1%), Fran\u00e7a (17,2%), Alemanha (12,6%) e Espanha (12,2%). Apesar de possuir um ter\u00e7o das explora\u00e7\u00f5es agr\u00edcolas da UE, a Rom\u00eania responde por apenas 3,3% da produ\u00e7\u00e3o total, demonstrando o impacto da fragmenta\u00e7\u00e3o das suas propriedades no desempenho do setor. \u00a0&#13;\n<\/p>\n<p>A tend\u00eancia de concentra\u00e7\u00e3o de terras e redu\u00e7\u00e3o do n\u00famero de pequenas explora\u00e7\u00f5es levanta desafios para a sustentabilidade da agricultura europeia, refor\u00e7ando a necessidade de pol\u00edticas que equilibrem efici\u00eancia produtiva e preserva\u00e7\u00e3o das atividades rurais tradicionais.<br \/>&#13;<br \/>\n\u00a0<\/p>\n<\/p><\/div>\n<p><script data-cfasync=\"false\">\n    !function (f, b, e, v, n, t, s) {\n        if (f.fbq) return; n = f.fbq = function () {\n            n.callMethod ?\n                n.callMethod.apply(n, arguments) : n.queue.push(arguments)\n        };\n        if (!f._fbq) f._fbq = n; n.push = n; n.loaded = !0; n.version = '2.0';\n        n.queue = []; t = b.createElement(e); t.async = !0;\n        t.src = v; s = b.getElementsByTagName(e)[0];\n        s.parentNode.insertBefore(t, s)\n    }(window, document, 'script',\n        'https:\/\/connect.facebook.net\/en_US\/fbevents.js');\n    fbq('init', '522546078623747');\n    fbq('track', 'PageView');\n<\/script><br \/>\n<br \/><br \/>\n<br \/><a href=\"https:\/\/www.agrolink.com.br\/noticias\/uniao-europeia-perde-5-3-milhoes-de-exploracoes-agricolas_498963.html\">Source link <\/a><\/p>\n","protected":false},"excerpt":{"rendered":"<p>A Uni\u00e3o Europeia perdeu 5,3 milh\u00f5es de explora\u00e7\u00f5es agr\u00edcolas entre 2005 e 2020, segundo dados do Eurostat. Em 2020, o<\/p>\n","protected":false},"author":1,"featured_media":9037,"comment_status":"open","ping_status":"open","sticky":false,"template":"","format":"standard","meta":{"_monsterinsights_skip_tracking":false,"_monsterinsights_sitenote_active":false,"_monsterinsights_sitenote_note":"","_monsterinsights_sitenote_category":0,"_uf_show_specific_survey":0,"_uf_disable_surveys":false,"footnotes":""},"categories":[8,1,14],"tags":[],"class_list":["post-9036","post","type-post","status-publish","format-standard","has-post-thumbnail","hentry","category-agro","category-news","category-politica-agro"],"_links":{"self":[{"href":"https:\/\/agromt.news\/index.php?rest_route=\/wp\/v2\/posts\/9036"}],"collection":[{"href":"https:\/\/agromt.news\/index.php?rest_route=\/wp\/v2\/posts"}],"about":[{"href":"https:\/\/agromt.news\/index.php?rest_route=\/wp\/v2\/types\/post"}],"author":[{"embeddable":true,"href":"https:\/\/agromt.news\/index.php?rest_route=\/wp\/v2\/users\/1"}],"replies":[{"embeddable":true,"href":"https:\/\/agromt.news\/index.php?rest_route=%2Fwp%2Fv2%2Fcomments&post=9036"}],"version-history":[{"count":0,"href":"https:\/\/agromt.news\/index.php?rest_route=\/wp\/v2\/posts\/9036\/revisions"}],"wp:featuredmedia":[{"embeddable":true,"href":"https:\/\/agromt.news\/index.php?rest_route=\/wp\/v2\/media\/9037"}],"wp:attachment":[{"href":"https:\/\/agromt.news\/index.php?rest_route=%2Fwp%2Fv2%2Fmedia&parent=9036"}],"wp:term":[{"taxonomy":"category","embeddable":true,"href":"https:\/\/agromt.news\/index.php?rest_route=%2Fwp%2Fv2%2Fcategories&post=9036"},{"taxonomy":"post_tag","embeddable":true,"href":"https:\/\/agromt.news\/index.php?rest_route=%2Fwp%2Fv2%2Ftags&post=9036"}],"curies":[{"name":"wp","href":"https:\/\/api.w.org\/{rel}","templated":true}]}}