{"id":902,"date":"2024-08-29T12:25:53","date_gmt":"2024-08-29T16:25:53","guid":{"rendered":"https:\/\/agromt.news\/?p=902"},"modified":"2024-08-29T12:25:53","modified_gmt":"2024-08-29T16:25:53","slug":"venda-de-ingressos-ao-publico-abre-amanha","status":"publish","type":"post","link":"https:\/\/agromt.news\/?p=902","title":{"rendered":"venda de ingressos ao p\u00fablico abre amanh\u00e3"},"content":{"rendered":"<p> <br \/>\n<\/p>\n<div>\n<div class=\"row\">\n<div class=\"col-lg col-infos mt-3 mt-lg-0\">\n<div class=\"section-sub-title\">\n<p itemprop=\"description\">\nABE retoma formato 100% presencial com oferta para 800 apreciadores\n<\/p>\n<\/div>\n<div class=\"container\">\n<div class=\"row\">\n<div class=\"col-lg p-0 text-lg-end\">\n<div>\n<div id=\"mdEnviarPagina\" class=\"modal fade\" role=\"dialog\">\n<div class=\"modal-dialog\">\n<div class=\"modal-content\">\n<div class=\"modal-body\">\n<p><strong>Estimado usu\u00e1rio.<\/strong><br \/>Preencha o formul\u00e1rio abaixo para remeter a p\u00e1gina.<\/p>\n<\/div>\n<\/div>\n<\/div>\n<\/div>\n<\/div>\n<\/div>\n<\/div>\n<\/div>\n<\/div>\n<\/div>\n<div class=\"row justify-content-md-center mt-3\">\n<div class=\"col-lg-auto col-image  block-news-main-image d-none d-md-block\">\n<img decoding=\"async\" src=\"https:\/\/www.agrolink.com.br\/upload\/imagens-resizes\/5aa312933388435da7bc7338ea8fd66b_858x483.jpg\" class=\"lazyload\"\/><br \/>\n<span class=\"publicity-photo d-block mt-1\">Foto: Divulga\u00e7\u00e3o<\/span>\n<\/div>\n<\/div>\n<div class=\"section-description section-description-noticias mt-3\">\n<p style=\"text-align:justify\">Depois de realizar quatro edi\u00e7\u00f5es h\u00edbridas, a Avalia\u00e7\u00e3o Nacional de Vinhos retoma seu formato original. Reconhecida como o maior momento do vinho brasileiro, a Avalia\u00e7\u00e3o volta a reunir quase mil apreciadores num \u00fanico local para juntos degustarem a representatividade da Safra, cumprindo seu t\u00edtulo de maior degusta\u00e7\u00e3o de uma safra do mundo. Para viver esta experi\u00eancia \u00fanica, a Associa\u00e7\u00e3o Brasileira de Enologia (ABE) coloca \u00e0 venda 800 ingressos, a partir das 9h desta ter\u00e7a-feira (13). Interessados em degustar em primeira m\u00e3o as 16 amostras selecionadas entre as mais representativas da Safra 2024 dever\u00e3o adquirir o ingresso pelo <a href=\"https:\/\/www.enologia.org.br\/avaliacao-nacional-de-vinhos\/inscricao-publico\/\" target=\"_blank\" rel=\"noopener\">link<\/a>. Este ano, o grande encontro ser\u00e1 no dia 19 de outubro, no Pavilh\u00e3o E do Parque de Eventos de Bento Gon\u00e7alves.<\/p>\n<p style=\"text-align:justify\">At\u00e9 l\u00e1, cerca de 30 profissionais, na maioria en\u00f3logos, trabalham at\u00e9 o dia 23 de agosto para coletar as 478 amostras das 67 vin\u00edcolas de sete estados brasileiros, al\u00e9m do Distrito Federal (Bahia 15, Distrito Federal 18, Goi\u00e1s 01, Minas Gerais 04, Paran\u00e1 03, Rio Grande do Sul 411, Santa Catarina 08 e S\u00e3o Paulo 18). Com as amostras recolhidas e armazenadas em Bento Gon\u00e7alves, a pr\u00f3xima etapa entra em a\u00e7\u00e3o no in\u00edcio de setembro com a Degusta\u00e7\u00e3o de Sele\u00e7\u00e3o, conduzida por um grupo t\u00e9cnico formado por mais de 90 en\u00f3logos. Eles avaliam \u00e0s cegas os vinhos, seguindo normas estabelecidas pela Organiza\u00e7\u00e3o Internacional da Vinha e do Vinho (OIV).<\/p>\n<p style=\"text-align:justify\">O resultado \u00e9 apresentado ao grande p\u00fablico no dia 19 de outubro. Al\u00e9m de anunciar a lista dos 30% vinhos classificados como os mais representativos da Safra 2024, a ABE tamb\u00e9m divulga quais s\u00e3o as 16 amostras selecionadas e degustadas simultaneamente pelos 800 apreciadores no evento. Quem nunca participou da Avalia\u00e7\u00e3o pode acessar o <a href=\"https:\/\/www.youtube.com\/watch?v=Qa8upEaU2EQ&amp;t=7709s\" target=\"_blank\" rel=\"noopener\">link<\/a>\u00a0 e assistir a edi\u00e7\u00e3o anterior.<\/p>\n<p style=\"text-align:justify\"><strong>SERVI\u00c7O<\/strong><br \/>O que? 32\u00aa Avalia\u00e7\u00e3o Nacional de Vinhos \u2013 Safra 2024<br \/>Quando? 19 de outubro de 2024<br \/>Onde? Pavilh\u00e3o E do Parque de Eventos de Bento Gon\u00e7alves<br \/>Valor: R$ 640<br \/>Ingressos pelo <a href=\"https:\/\/www.enologia.org.br\/avaliacao-nacional-de-vinhos\/inscricao-publico\/\" target=\"_blank\" rel=\"noopener\">https:\/\/www.enologia.org.br\/avaliacao-nacional-de-vinhos\/inscricao-publico\/<\/a><br \/>Promo\u00e7\u00e3o: Associa\u00e7\u00e3o Brasileira de Enologia<\/p>\n<p style=\"text-align:justify\"><strong>Programa\u00e7\u00e3o<\/strong><br \/>16h \u2013 Credenciamento<br \/>17h \u2013 In\u00edcio do evento<br \/>17h25min &#8211; Degusta\u00e7\u00e3o \/ Coment\u00e1rios<br \/>18h40min &#8211; Intervalo\u00a0<br \/>18h50min &#8211; Degusta\u00e7\u00e3o \/ Coment\u00e1rios<br \/>21h \u2013 Coquetel de Encerramento<br \/>00h \u2013 Encerramento<\/p>\n<p style=\"text-align:justify\"><strong>O que inclui<\/strong><br \/>Degusta\u00e7\u00e3o das 16 amostras\u00a0selecionadas entre os 30% mais representativas da Safra 2024<br \/>01 (uma) ta\u00e7a de vinho de cristal\u00a0personalizada<br \/>01 (uma) Ta\u00e7a Oficial do Espumante Brasileiro<br \/>Fichas de Degusta\u00e7\u00e3o<br \/>Um exemplar da 16\u00aa Revista Brasileira de Viticultura e Enologia<br \/>Certificado de Participa\u00e7\u00e3o\u00a0online<br \/>Coquetel de Encerramento (das 21h \u00e0s 00h)<\/p>\n<\/div>\n<\/div>\n<p><script data-cfasync=\"false\">\n    !function (f, b, e, v, n, t, s) {\n        if (f.fbq) return; n = f.fbq = function () {\n            n.callMethod ?\n                n.callMethod.apply(n, arguments) : n.queue.push(arguments)\n        };\n        if (!f._fbq) f._fbq = n; n.push = n; n.loaded = !0; n.version = '2.0';\n        n.queue = []; t = b.createElement(e); t.async = !0;\n        t.src = v; s = b.getElementsByTagName(e)[0];\n        s.parentNode.insertBefore(t, s)\n    }(window, document, 'script',\n        'https:\/\/connect.facebook.net\/en_US\/fbevents.js');\n    fbq('init', '522546078623747');\n    fbq('track', 'PageView');\n<\/script><br \/>\n<br \/><br \/>\n<br \/><a href=\"https:\/\/www.agrolink.com.br\/noticias\/avaliacao-nacional-de-vinhos--venda-de-ingressos-ao-publico-abre-amanha_494391.html\">Source link <\/a><\/p>\n","protected":false},"excerpt":{"rendered":"<p>ABE retoma formato 100% presencial com oferta para 800 apreciadores Estimado usu\u00e1rio.Preencha o formul\u00e1rio abaixo para remeter a p\u00e1gina. Foto:<\/p>\n","protected":false},"author":1,"featured_media":903,"comment_status":"open","ping_status":"open","sticky":false,"template":"","format":"standard","meta":{"_monsterinsights_skip_tracking":false,"_monsterinsights_sitenote_active":false,"_monsterinsights_sitenote_note":"","_monsterinsights_sitenote_category":0,"_uf_show_specific_survey":0,"_uf_disable_surveys":false,"footnotes":""},"categories":[8,1,14],"tags":[],"class_list":["post-902","post","type-post","status-publish","format-standard","has-post-thumbnail","hentry","category-agro","category-news","category-politica-agro"],"_links":{"self":[{"href":"https:\/\/agromt.news\/index.php?rest_route=\/wp\/v2\/posts\/902"}],"collection":[{"href":"https:\/\/agromt.news\/index.php?rest_route=\/wp\/v2\/posts"}],"about":[{"href":"https:\/\/agromt.news\/index.php?rest_route=\/wp\/v2\/types\/post"}],"author":[{"embeddable":true,"href":"https:\/\/agromt.news\/index.php?rest_route=\/wp\/v2\/users\/1"}],"replies":[{"embeddable":true,"href":"https:\/\/agromt.news\/index.php?rest_route=%2Fwp%2Fv2%2Fcomments&post=902"}],"version-history":[{"count":0,"href":"https:\/\/agromt.news\/index.php?rest_route=\/wp\/v2\/posts\/902\/revisions"}],"wp:featuredmedia":[{"embeddable":true,"href":"https:\/\/agromt.news\/index.php?rest_route=\/wp\/v2\/media\/903"}],"wp:attachment":[{"href":"https:\/\/agromt.news\/index.php?rest_route=%2Fwp%2Fv2%2Fmedia&parent=902"}],"wp:term":[{"taxonomy":"category","embeddable":true,"href":"https:\/\/agromt.news\/index.php?rest_route=%2Fwp%2Fv2%2Fcategories&post=902"},{"taxonomy":"post_tag","embeddable":true,"href":"https:\/\/agromt.news\/index.php?rest_route=%2Fwp%2Fv2%2Ftags&post=902"}],"curies":[{"name":"wp","href":"https:\/\/api.w.org\/{rel}","templated":true}]}}