{"id":8974,"date":"2025-02-03T11:58:46","date_gmt":"2025-02-03T15:58:46","guid":{"rendered":"https:\/\/agromt.news\/?p=8974"},"modified":"2025-02-03T11:58:46","modified_gmt":"2025-02-03T15:58:46","slug":"milho-novamente-em-baixa-na-b3","status":"publish","type":"post","link":"https:\/\/agromt.news\/?p=8974","title":{"rendered":"Milho novamente em baixa na B3"},"content":{"rendered":"<p> <br \/>\n<\/p>\n<div>\n<p>Na Bolsa de Mercadorias de S\u00e3o Paulo (B3), o <a href=\"https:\/\/www.agrolink.com.br\/culturas\/milho?utm_source=agrolink-detalhe-noticia&amp;utm_medium=detalhe-noticia&amp;utm_campaign=links-internos&#9;\" target=\"_blank\" rel=\"noopener\">milho<\/a> fechou o dia em baixa, mas o saldo semanal e mensal foi positivo, segundo informa\u00e7\u00f5es divulgadas pela TF Agroecon\u00f4mica. \u201cSemana fechou com alta de 0,47% e o acumulado de janeiro com ganhos de 3,10%. O <a href=\"https:\/\/www.agrolink.com.br\/culturas\/milho?utm_source=agrolink-detalhe-noticia&amp;utm_medium=detalhe-noticia&amp;utm_campaign=links-internos&#9;\" target=\"_blank\" rel=\"noopener\">milho<\/a> da B3 sentiu a press\u00e3o da queda de Chicago no dia e na semana e a forte queda do d\u00f3lar em janeiro\u201d, comenta.&#13;\n<\/p>\n<p>\u201cA poss\u00edvel guerra tarif\u00e1ria dos EUA, contra, at\u00e9 agora, Canad\u00e1, M\u00e9xico e China pressionaram as cota\u00e7\u00f5es nos EUA e tiraram a aten\u00e7\u00e3o dos atrasos da colheita do milho primeira safra e soja, assim como a lentid\u00e3o para o plantio do milho safrinha. O milho brasileiro pode ser um grande beneficiado nesta disputa, visto que \u00e9 um dos poucos pa\u00edses com capacidade de suprir a demanda de diversos destinos. No entanto ainda \u00e9 cedo para dizer se acordos efetivos ou as tarifas sair\u00e3o dessas negocia\u00e7\u00f5es for\u00e7adas do novo governo americano. Caso a Casa Branca consiga bons acordos, as exporta\u00e7\u00f5es brasileiras podem ser afetadas. Com isso o investidor est\u00e1 buscando seguran\u00e7a, principalmente agora que a primeira safra j\u00e1 est\u00e1 sendo colhida e retira da ind\u00fastria a press\u00e3o para repor os estoques\u201d, completa.<\/p>\n<p>Diante deste quadro, as cota\u00e7\u00f5es futuras fecharam em baixa no dia. \u201cO vencimento de mar\u00e7o\/25 foi de R$ 75,56 apresentando baixa de R$ -0,52 no dia, alta de R$ 0,35 na semana; maio\/25 fechou a R$ 75,40, baixa de R$ -0,62 no dia, alta e R$ 0,57 na semana; o vencimento julho\/25 fechou a R$ 71,12, baixa de R$ -0,65 no dia e baixa de R$ -0,02 na semana\u201d, indica.&#13;\n<\/p>\n<p>Na Bolsa de Chicago, o milho fechou dia e semana em baixa, mas o saldo de janeiro ainda foi positivo. \u201cA cota\u00e7\u00e3o de mar\u00e7o, refer\u00eancia para a nossa safra de ver\u00e3o, fechou em baixa de -1,68 % ou $ -8,25 cents\/bushel a $ 482,00. A cota\u00e7\u00e3o para maio, fechou embaixa de -1,69 % ou $ &#8211; 8,50 cents\/bushel a $ 493,00\u201d, conclui.<br \/>&#13;<br \/>\n\u00a0<\/p>\n<\/p><\/div>\n<p><script data-cfasync=\"false\">\n    !function (f, b, e, v, n, t, s) {\n        if (f.fbq) return; n = f.fbq = function () {\n            n.callMethod ?\n                n.callMethod.apply(n, arguments) : n.queue.push(arguments)\n        };\n        if (!f._fbq) f._fbq = n; n.push = n; n.loaded = !0; n.version = '2.0';\n        n.queue = []; t = b.createElement(e); t.async = !0;\n        t.src = v; s = b.getElementsByTagName(e)[0];\n        s.parentNode.insertBefore(t, s)\n    }(window, document, 'script',\n        'https:\/\/connect.facebook.net\/en_US\/fbevents.js');\n    fbq('init', '522546078623747');\n    fbq('track', 'PageView');\n<\/script><br \/>\n<br \/><br \/>\n<br \/><a href=\"https:\/\/www.agrolink.com.br\/noticias\/milho-novamente-em-baixa-na-b3_498969.html\">Source link <\/a><\/p>\n","protected":false},"excerpt":{"rendered":"<p>Na Bolsa de Mercadorias de S\u00e3o Paulo (B3), o milho fechou o dia em baixa, mas o saldo semanal e<\/p>\n","protected":false},"author":1,"featured_media":5644,"comment_status":"open","ping_status":"open","sticky":false,"template":"","format":"standard","meta":{"_monsterinsights_skip_tracking":false,"_monsterinsights_sitenote_active":false,"_monsterinsights_sitenote_note":"","_monsterinsights_sitenote_category":0,"_uf_show_specific_survey":0,"_uf_disable_surveys":false,"footnotes":""},"categories":[8,1,14],"tags":[],"class_list":["post-8974","post","type-post","status-publish","format-standard","has-post-thumbnail","hentry","category-agro","category-news","category-politica-agro"],"_links":{"self":[{"href":"https:\/\/agromt.news\/index.php?rest_route=\/wp\/v2\/posts\/8974"}],"collection":[{"href":"https:\/\/agromt.news\/index.php?rest_route=\/wp\/v2\/posts"}],"about":[{"href":"https:\/\/agromt.news\/index.php?rest_route=\/wp\/v2\/types\/post"}],"author":[{"embeddable":true,"href":"https:\/\/agromt.news\/index.php?rest_route=\/wp\/v2\/users\/1"}],"replies":[{"embeddable":true,"href":"https:\/\/agromt.news\/index.php?rest_route=%2Fwp%2Fv2%2Fcomments&post=8974"}],"version-history":[{"count":0,"href":"https:\/\/agromt.news\/index.php?rest_route=\/wp\/v2\/posts\/8974\/revisions"}],"wp:featuredmedia":[{"embeddable":true,"href":"https:\/\/agromt.news\/index.php?rest_route=\/wp\/v2\/media\/5644"}],"wp:attachment":[{"href":"https:\/\/agromt.news\/index.php?rest_route=%2Fwp%2Fv2%2Fmedia&parent=8974"}],"wp:term":[{"taxonomy":"category","embeddable":true,"href":"https:\/\/agromt.news\/index.php?rest_route=%2Fwp%2Fv2%2Fcategories&post=8974"},{"taxonomy":"post_tag","embeddable":true,"href":"https:\/\/agromt.news\/index.php?rest_route=%2Fwp%2Fv2%2Ftags&post=8974"}],"curies":[{"name":"wp","href":"https:\/\/api.w.org\/{rel}","templated":true}]}}