{"id":8973,"date":"2025-02-03T11:32:33","date_gmt":"2025-02-03T15:32:33","guid":{"rendered":"https:\/\/agromt.news\/?p=8973"},"modified":"2025-02-03T11:32:33","modified_gmt":"2025-02-03T15:32:33","slug":"semana-comeca-com-risco-de-chuvas-de-100-mm-e-ventania-pelo-brasil","status":"publish","type":"post","link":"https:\/\/agromt.news\/?p=8973","title":{"rendered":"Semana come\u00e7a com risco de chuvas de 100 mm e ventania pelo Brasil"},"content":{"rendered":"<p> <br \/>\n<br \/><img decoding=\"async\" src=\"https:\/\/agromt.news\/wp-content\/uploads\/2024\/12\/Chuva-forte-frente-fria-e-fenomeno-climatico-afetam-o-pais.jpg\" \/><\/p>\n<div>\n<p>O <strong><a href=\"https:\/\/www.canalrural.com.br\/tag\/inmet\/\">Instituto Nacional de Meteorologia (Inmet)<\/a><\/strong> emitiu um alerta, nesta segunda-feira (3), de chuva forte, com acumulados entre 30 e 60 mm\/h ou 50 e 100 mm\/dia, e ventos intensos que podem alcan\u00e7ar os 100 km\/h.<\/p>\n<p>Com isso, segundo o Inmet, h\u00e1 risco de corte de energia el\u00e9trica, queda de galhos de \u00e1rvores, alagamentos e de descargas el\u00e9tricas.<\/p>\n<p>As \u00e1reas mais afetadas ser\u00e3o os estados de Goi\u00e1s, Minas Gerais, Sul do Par\u00e1, Paran\u00e1 e o Tocantins. Outros regi\u00f5es que tamb\u00e9m podem sofrer com as consequ\u00eancias s\u00e3o o Alto Parana\u00edba, Oeste Maranhense, Noroeste, Norte, capital e outras partes do interior de S\u00e3o Paulo, Grande Curitiba, Norte Catarinense, Vale do Itaja\u00ed, Oeste Baiano e o Distrito Federal, Grande Florian\u00f3polis, Sul do Amap\u00e1, Central Mineira e o Norte Mato-grossense.<\/p>\n<\/div>\n<div>\n<h2 class=\"wp-block-heading\" id=\"h-cuidados\">Cuidados<\/h2>\n<p>Em caso de rajadas de vento, o Inmet informa para que as pessoas n\u00e3o se abriguem debaixo de \u00e1rvores, pois h\u00e1 risco de queda e descargas el\u00e9tricas e n\u00e3o estacionem ve\u00edculos pr\u00f3ximos a torres de transmiss\u00e3o e placas de propaganda.<\/p>\n<p>\u201cSe poss\u00edvel, desligue aparelhos el\u00e9tricos e quadro geral de energia\u201d, informa o instituto. Mais informa\u00e7\u00f5es podem ser obtidas junto \u00e0 Defesa Civil (telefone 199) e ao Corpo de Bombeiros (telefone 193).<\/p>\n<\/p><\/div>\n<p><br \/>\n<br \/><a href=\"https:\/\/www.canalrural.com.br\/tempo\/semana-comeca-com-risco-de-chuvas-de-100-mm-e-ventania-pelo-brasil\/\">Source link <\/a><\/p>\n","protected":false},"excerpt":{"rendered":"<p>O Instituto Nacional de Meteorologia (Inmet) emitiu um alerta, nesta segunda-feira (3), de chuva forte, com acumulados entre 30 e<\/p>\n","protected":false},"author":1,"featured_media":7243,"comment_status":"open","ping_status":"open","sticky":false,"template":"","format":"standard","meta":{"_monsterinsights_skip_tracking":false,"_monsterinsights_sitenote_active":false,"_monsterinsights_sitenote_note":"","_monsterinsights_sitenote_category":0,"_uf_show_specific_survey":0,"_uf_disable_surveys":false,"footnotes":""},"categories":[1],"tags":[],"class_list":["post-8973","post","type-post","status-publish","format-standard","has-post-thumbnail","hentry","category-news"],"_links":{"self":[{"href":"https:\/\/agromt.news\/index.php?rest_route=\/wp\/v2\/posts\/8973"}],"collection":[{"href":"https:\/\/agromt.news\/index.php?rest_route=\/wp\/v2\/posts"}],"about":[{"href":"https:\/\/agromt.news\/index.php?rest_route=\/wp\/v2\/types\/post"}],"author":[{"embeddable":true,"href":"https:\/\/agromt.news\/index.php?rest_route=\/wp\/v2\/users\/1"}],"replies":[{"embeddable":true,"href":"https:\/\/agromt.news\/index.php?rest_route=%2Fwp%2Fv2%2Fcomments&post=8973"}],"version-history":[{"count":0,"href":"https:\/\/agromt.news\/index.php?rest_route=\/wp\/v2\/posts\/8973\/revisions"}],"wp:featuredmedia":[{"embeddable":true,"href":"https:\/\/agromt.news\/index.php?rest_route=\/wp\/v2\/media\/7243"}],"wp:attachment":[{"href":"https:\/\/agromt.news\/index.php?rest_route=%2Fwp%2Fv2%2Fmedia&parent=8973"}],"wp:term":[{"taxonomy":"category","embeddable":true,"href":"https:\/\/agromt.news\/index.php?rest_route=%2Fwp%2Fv2%2Fcategories&post=8973"},{"taxonomy":"post_tag","embeddable":true,"href":"https:\/\/agromt.news\/index.php?rest_route=%2Fwp%2Fv2%2Ftags&post=8973"}],"curies":[{"name":"wp","href":"https:\/\/api.w.org\/{rel}","templated":true}]}}