{"id":897,"date":"2024-08-29T10:16:38","date_gmt":"2024-08-29T14:16:38","guid":{"rendered":"https:\/\/agromt.news\/?p=897"},"modified":"2024-08-29T10:16:38","modified_gmt":"2024-08-29T14:16:38","slug":"seca-impactara-logistica-da-regiao-norte","status":"publish","type":"post","link":"https:\/\/agromt.news\/?p=897","title":{"rendered":"Seca impactar\u00e1 log\u00edstica da regi\u00e3o Norte"},"content":{"rendered":"<p> <br \/>\n<\/p>\n<div>\n<div class=\"row\">\n<div class=\"col-lg col-infos mt-3 mt-lg-0\">\n<div class=\"section-sub-title\">\n<p itemprop=\"description\">\nA situa\u00e7\u00e3o se agrava devido \u00e0s condi\u00e7\u00f5es clim\u00e1ticas do ano anterior\n<\/p>\n<\/div>\n<div class=\"container\">\n<div class=\"row\">\n<div class=\"col-lg p-0\">\n<div>\n<div class=\"block-news-main-infos mt-3 text-start\">\n<strong class=\"fn\" itemprop=\"author\" style=\"color: rgb(112, 112, 112); \"><br \/>\n<a href=\"https:\/\/www.agrolink.com.br\/noticias\/javascript:;\" class=\"text-uppercase\" target=\"_blank\" style=\"color: rgb(112, 112, 112); \" rel=\"noopener\">Agrolink<\/a><br \/>\n&#8211; Leonardo Gottems<br \/>\n<\/strong><br \/>\n<br \/>\n<abbr><time datetime=\"2024-08-27T15:54\" itemprop=\"datePublished dateModified\">Publicado em 27\/08\/2024 \u00e0s 15:54h.<\/time><\/abbr>\n<\/div>\n<\/div>\n<\/div>\n<div class=\"col-lg p-0 text-lg-end\">\n<div>\n<div id=\"mdEnviarPagina\" class=\"modal fade\" role=\"dialog\">\n<div class=\"modal-dialog\">\n<div class=\"modal-content\">\n<div class=\"modal-body\">\n<p><strong>Estimado usu\u00e1rio.<\/strong><br \/>Preencha o formul\u00e1rio abaixo para remeter a p\u00e1gina.<\/p>\n<\/div>\n<\/div>\n<\/div>\n<\/div>\n<\/div>\n<\/div>\n<\/div>\n<\/div>\n<\/div>\n<\/div>\n<div class=\"row justify-content-md-center mt-3\">\n<div class=\"col-lg-auto col-image  block-news-main-image d-none d-md-block\">\n<img decoding=\"async\" src=\"https:\/\/www.agrolink.com.br\/upload\/imagens-resizes\/dd74c53f60984853b1dfd1db065d77ff_858x483.jpg\" class=\"lazyload\" alt=\"A situa\u00e7\u00e3o se agrava devido \u00e0s condi\u00e7\u00f5es clim\u00e1ticas do ano anterior\"\/><br \/>\n<span class=\"d-block mt-1\">A situa\u00e7\u00e3o se agrava devido \u00e0s condi\u00e7\u00f5es clim\u00e1ticas do ano anterior &#8211; Foto: Divulga\u00e7\u00e3o<\/span>\n<\/div>\n<\/div>\n<div class=\"section-description section-description-noticias mt-3\">\n<p>A seca na regi\u00e3o Norte do Brasil deve continuar at\u00e9 o final de outubro, com previs\u00e3o de melhora somente em novembro, segundo a Climatempo. Durante esse per\u00edodo, temperaturas elevadas e chuvas abaixo da m\u00e9dia s\u00e3o esperadas, o que pode impactar as atividades das empresas. A situa\u00e7\u00e3o se agrava devido \u00e0s condi\u00e7\u00f5es clim\u00e1ticas do ano anterior, que j\u00e1 haviam causado uma seca significativa, afetando o enchimento dos rios. \u00c1reas como o sul e leste do Amazonas, Acre, Rond\u00f4nia e grande parte do Par\u00e1 enfrentam um d\u00e9ficit de chuvas entre 50% e 70%.\n<\/p>\n<p>\u201cEssas \u00e1reas ter\u00e3o um d\u00e9ficit h\u00eddrico maior comparativamente aos meses anteriores e temperaturas mais altas, que v\u00e3o favorecer a perda de umidade do solo em \u00e1reas de forma\u00e7\u00e3o de corpos d\u2019\u00e1gua. Nesse cen\u00e1rio, o n\u00edvel dos rios seguir\u00e1 abaixando, com a chuva retornando \u00e1 Amaz\u00f4nia ocidental a partir de outubro, de forma gradual\u201d, afirma Vinicius Lucyrio, meteorologista da Climatempo.\n<\/p>\n<p>As temperaturas na regi\u00e3o Norte j\u00e1 est\u00e3o de 1 a 2 graus Celsius acima da m\u00e9dia e continuar\u00e3o subindo, com o pico previsto para a primeira quinzena de outubro. Esse cen\u00e1rio \u00e9 influenciado por massas de ar seco do Brasil Central e pelo fen\u00f4meno La Ni\u00f1a, intensificado pela seca do segundo semestre anterior, conforme explica Lucyrio. O baixo n\u00edvel dos principais rios da regi\u00e3o e a intensifica\u00e7\u00e3o do &#8220;ver\u00e3o amaz\u00f4nico&#8221; poder\u00e3o impactar as cadeias de abastecimento e a gera\u00e7\u00e3o de energia das hidrel\u00e9tricas. A seca deste ano deve ser t\u00e3o ou mais severa que a do ano passado, apesar da previs\u00e3o de chuvas mais frequentes e intensas a partir do final de outubro.\n<\/p>\n<p>\u201cAs preocupa\u00e7\u00f5es para os pr\u00f3ximos meses est\u00e3o relacionadas ao n\u00edvel baixo dos rios em amplas \u00e1reas da faixa norte, com algumas regi\u00f5es j\u00e1 em situa\u00e7\u00e3o de alerta\u201d, observa o meteorologista da Climatempo.<br \/>\u00a0<\/p>\n<\/div>\n<\/div>\n<p><script data-cfasync=\"false\">\n    !function (f, b, e, v, n, t, s) {\n        if (f.fbq) return; n = f.fbq = function () {\n            n.callMethod ?\n                n.callMethod.apply(n, arguments) : n.queue.push(arguments)\n        };\n        if (!f._fbq) f._fbq = n; n.push = n; n.loaded = !0; n.version = '2.0';\n        n.queue = []; t = b.createElement(e); t.async = !0;\n        t.src = v; s = b.getElementsByTagName(e)[0];\n        s.parentNode.insertBefore(t, s)\n    }(window, document, 'script',\n        'https:\/\/connect.facebook.net\/en_US\/fbevents.js');\n    fbq('init', '522546078623747');\n    fbq('track', 'PageView');\n<\/script><br \/>\n<br \/><br \/>\n<br \/><a href=\"https:\/\/www.agrolink.com.br\/noticias\/seca-impactara-logistica-da-regiao-norte_494392.html\">Source link <\/a><\/p>\n","protected":false},"excerpt":{"rendered":"<p>A situa\u00e7\u00e3o se agrava devido \u00e0s condi\u00e7\u00f5es clim\u00e1ticas do ano anterior Agrolink &#8211; Leonardo Gottems Publicado em 27\/08\/2024 \u00e0s 15:54h.<\/p>\n","protected":false},"author":1,"featured_media":898,"comment_status":"open","ping_status":"open","sticky":false,"template":"","format":"standard","meta":{"_monsterinsights_skip_tracking":false,"_monsterinsights_sitenote_active":false,"_monsterinsights_sitenote_note":"","_monsterinsights_sitenote_category":0,"_uf_show_specific_survey":0,"_uf_disable_surveys":false,"footnotes":""},"categories":[8,1,14],"tags":[],"class_list":["post-897","post","type-post","status-publish","format-standard","has-post-thumbnail","hentry","category-agro","category-news","category-politica-agro"],"_links":{"self":[{"href":"https:\/\/agromt.news\/index.php?rest_route=\/wp\/v2\/posts\/897"}],"collection":[{"href":"https:\/\/agromt.news\/index.php?rest_route=\/wp\/v2\/posts"}],"about":[{"href":"https:\/\/agromt.news\/index.php?rest_route=\/wp\/v2\/types\/post"}],"author":[{"embeddable":true,"href":"https:\/\/agromt.news\/index.php?rest_route=\/wp\/v2\/users\/1"}],"replies":[{"embeddable":true,"href":"https:\/\/agromt.news\/index.php?rest_route=%2Fwp%2Fv2%2Fcomments&post=897"}],"version-history":[{"count":0,"href":"https:\/\/agromt.news\/index.php?rest_route=\/wp\/v2\/posts\/897\/revisions"}],"wp:featuredmedia":[{"embeddable":true,"href":"https:\/\/agromt.news\/index.php?rest_route=\/wp\/v2\/media\/898"}],"wp:attachment":[{"href":"https:\/\/agromt.news\/index.php?rest_route=%2Fwp%2Fv2%2Fmedia&parent=897"}],"wp:term":[{"taxonomy":"category","embeddable":true,"href":"https:\/\/agromt.news\/index.php?rest_route=%2Fwp%2Fv2%2Fcategories&post=897"},{"taxonomy":"post_tag","embeddable":true,"href":"https:\/\/agromt.news\/index.php?rest_route=%2Fwp%2Fv2%2Ftags&post=897"}],"curies":[{"name":"wp","href":"https:\/\/api.w.org\/{rel}","templated":true}]}}