{"id":8965,"date":"2025-02-03T09:48:15","date_gmt":"2025-02-03T13:48:15","guid":{"rendered":"https:\/\/agromt.news\/?p=8965"},"modified":"2025-02-03T09:48:15","modified_gmt":"2025-02-03T13:48:15","slug":"precos-do-milho-sofrem-queda-no-rs-e-sc","status":"publish","type":"post","link":"https:\/\/agromt.news\/?p=8965","title":{"rendered":"Pre\u00e7os do milho sofrem queda no RS e SC"},"content":{"rendered":"<p> <br \/>\n<\/p>\n<div>\n<p>De acordo com a TF Agroecon\u00f4mica, os pre\u00e7os do <a href=\"https:\/\/www.agrolink.com.br\/culturas\/milho?utm_source=agrolink-detalhe-noticia&amp;utm_medium=detalhe-noticia&amp;utm_campaign=links-internos&#9;\" target=\"_blank\" rel=\"noopener\">milho<\/a> no Rio Grande do Sul registraram uma leve queda na \u00faltima semana, com uma redu\u00e7\u00e3o de 0,81%, passando de R$ 68,00 para R$ 67,45, conforme levantamento da Emater\/RS-Ascar. As recentes chuvas na Regi\u00e3o Oeste, que enfrentava um d\u00e9ficit h\u00eddrico, foram ben\u00e9ficas para as lavouras, especialmente para as que estavam em fase vegetativa ou no in\u00edcio do per\u00edodo reprodutivo. A expectativa para a safra de <a href=\"https:\/\/www.agrolink.com.br\/culturas\/milho?utm_source=agrolink-detalhe-noticia&amp;utm_medium=detalhe-noticia&amp;utm_campaign=links-internos&#9;\" target=\"_blank\" rel=\"noopener\">milho<\/a> comercial no estado \u00e9 de 4,8 milh\u00f5es de toneladas, com 30% j\u00e1 comercializado, sendo 600.000 toneladas destinadas \u00e0 exporta\u00e7\u00e3o.&#13;\n<\/p>\n<p>Em Santa Catarina, a \u00e1rea destinada \u00e0 primeira safra de milho caiu 11,3% devido aos custos elevados de produ\u00e7\u00e3o, riscos de pragas e os pre\u00e7os desfavor\u00e1veis. Contudo, a expectativa \u00e9 de aumento da produtividade, com a m\u00e9dia estimada de 8.594 kg\/ha. Apesar disso, os pre\u00e7os continuam em baixa, com a cota\u00e7\u00e3o em janeiro apresentando retra\u00e7\u00e3o, embora os contratos futuros da Bolsa de Chicago projetem uma leve alta. No mercado portu\u00e1rio, os pre\u00e7os variaram entre R$ 72,00 e R$ 72,50 para entregas em agosto e outubro, respectivamente.<\/p>\n<p>No Paran\u00e1, a colheita do milho da primeira safra come\u00e7ou de forma mais lenta, mas as condi\u00e7\u00f5es clim\u00e1ticas t\u00eam favorecido a forma\u00e7\u00e3o dos gr\u00e3os, o que pode resultar em uma produ\u00e7\u00e3o superior \u00e0s expectativas. A \u00e1rea de milho de inverno est\u00e1 sendo semeada de maneira irregular, com algumas dificuldades na germina\u00e7\u00e3o, e o replantio de algumas \u00e1reas j\u00e1 est\u00e1 sendo considerado. As ofertas no mercado local para o milho giram em torno de R$ 72,00\/saca, com valores variando dependendo da entrega e do pagamento.&#13;\n<\/p>\n<p>Em Mato Grosso do Sul, o pre\u00e7o da saca de milho subiu em cidades como Dourados, Maracaju e Sidrol\u00e2ndia, com valoriza\u00e7\u00e3o de 35,65% em compara\u00e7\u00e3o ao mesmo per\u00edodo de 2024, alcan\u00e7ando R$ 63,56 no final de janeiro. A comercializa\u00e7\u00e3o da safra 2024 j\u00e1 atingiu 77%, um atraso de 3,55 pontos percentuais em rela\u00e7\u00e3o ao ano passado. No mercado f\u00edsico, as cota\u00e7\u00f5es variaram entre R$ 60,00 e R$ 65,99, com destaque para o aumento em algumas regi\u00f5es do estado.<br \/>&#13;<br \/>\n\u00a0<\/p>\n<\/p><\/div>\n<p><script data-cfasync=\"false\">\n    !function (f, b, e, v, n, t, s) {\n        if (f.fbq) return; n = f.fbq = function () {\n            n.callMethod ?\n                n.callMethod.apply(n, arguments) : n.queue.push(arguments)\n        };\n        if (!f._fbq) f._fbq = n; n.push = n; n.loaded = !0; n.version = '2.0';\n        n.queue = []; t = b.createElement(e); t.async = !0;\n        t.src = v; s = b.getElementsByTagName(e)[0];\n        s.parentNode.insertBefore(t, s)\n    }(window, document, 'script',\n        'https:\/\/connect.facebook.net\/en_US\/fbevents.js');\n    fbq('init', '522546078623747');\n    fbq('track', 'PageView');\n<\/script><br \/>\n<br \/><br \/>\n<br \/><a href=\"https:\/\/www.agrolink.com.br\/noticias\/precos-do-milho-sofrem-queda-no-rs-e-sc_498970.html\">Source link <\/a><\/p>\n","protected":false},"excerpt":{"rendered":"<p>De acordo com a TF Agroecon\u00f4mica, os pre\u00e7os do milho no Rio Grande do Sul registraram uma leve queda na<\/p>\n","protected":false},"author":1,"featured_media":8966,"comment_status":"open","ping_status":"open","sticky":false,"template":"","format":"standard","meta":{"_monsterinsights_skip_tracking":false,"_monsterinsights_sitenote_active":false,"_monsterinsights_sitenote_note":"","_monsterinsights_sitenote_category":0,"_uf_show_specific_survey":0,"_uf_disable_surveys":false,"footnotes":""},"categories":[8,1,14],"tags":[],"class_list":["post-8965","post","type-post","status-publish","format-standard","has-post-thumbnail","hentry","category-agro","category-news","category-politica-agro"],"_links":{"self":[{"href":"https:\/\/agromt.news\/index.php?rest_route=\/wp\/v2\/posts\/8965"}],"collection":[{"href":"https:\/\/agromt.news\/index.php?rest_route=\/wp\/v2\/posts"}],"about":[{"href":"https:\/\/agromt.news\/index.php?rest_route=\/wp\/v2\/types\/post"}],"author":[{"embeddable":true,"href":"https:\/\/agromt.news\/index.php?rest_route=\/wp\/v2\/users\/1"}],"replies":[{"embeddable":true,"href":"https:\/\/agromt.news\/index.php?rest_route=%2Fwp%2Fv2%2Fcomments&post=8965"}],"version-history":[{"count":0,"href":"https:\/\/agromt.news\/index.php?rest_route=\/wp\/v2\/posts\/8965\/revisions"}],"wp:featuredmedia":[{"embeddable":true,"href":"https:\/\/agromt.news\/index.php?rest_route=\/wp\/v2\/media\/8966"}],"wp:attachment":[{"href":"https:\/\/agromt.news\/index.php?rest_route=%2Fwp%2Fv2%2Fmedia&parent=8965"}],"wp:term":[{"taxonomy":"category","embeddable":true,"href":"https:\/\/agromt.news\/index.php?rest_route=%2Fwp%2Fv2%2Fcategories&post=8965"},{"taxonomy":"post_tag","embeddable":true,"href":"https:\/\/agromt.news\/index.php?rest_route=%2Fwp%2Fv2%2Ftags&post=8965"}],"curies":[{"name":"wp","href":"https:\/\/api.w.org\/{rel}","templated":true}]}}