{"id":8963,"date":"2025-02-03T09:21:10","date_gmt":"2025-02-03T13:21:10","guid":{"rendered":"https:\/\/agromt.news\/?p=8963"},"modified":"2025-02-03T09:21:10","modified_gmt":"2025-02-03T13:21:10","slug":"leilao-da-ponte-internacional-brasil-argentina-sera-em-abril","status":"publish","type":"post","link":"https:\/\/agromt.news\/?p=8963","title":{"rendered":"Leil\u00e3o da Ponte Internacional Brasil-Argentina ser\u00e1 em abril"},"content":{"rendered":"<p> <br \/>\n<br \/><img decoding=\"async\" src=\"https:\/\/agromt.news\/wp-content\/uploads\/2025\/02\/Leilao-da-Ponte-Internacional-Brasil-Argentina-sera-em-abril.jpeg\" \/><\/p>\n<div>\n<p>A Ponte Internacional de S\u00e3o Borja, que conecta Brasil e Argentina, ter\u00e1 sua concess\u00e3o leiloada em 4 de abril, em Foz do Igua\u00e7u (PR). O projeto prev\u00ea US$ 99 milh\u00f5es em investimentos para modernizar a infraestrutura e otimizar o tr\u00e2nsito de mercadorias e pessoas.<\/p>\n<blockquote class=\"wp-block-quote is-layout-flow wp-block-quote-is-layout-flow\">\n<p>\u201cAp\u00f3s quase tr\u00eas d\u00e9cadas, a concess\u00e3o representa um avan\u00e7o significativo, trazendo um modelo mais moderno e eficiente para ambos os pa\u00edses\u201d, declarou a secret\u00e1ria nacional de Transportes Terrestres, Viviane Esse.<\/p>\n<\/blockquote>\n<\/div>\n<div>\n<p>Com 15,62 km de extens\u00e3o, a ponte responde por 23% das opera\u00e7\u00f5es comerciais entre os dois pa\u00edses. O novo contrato, v\u00e1lido por 25 anos, inclui melhorias como novas faixas de acesso, p\u00e1tio para caminh\u00f5es e ilumina\u00e7\u00e3o refor\u00e7ada. A concess\u00e3o tamb\u00e9m contempla a opera\u00e7\u00e3o do Centro Unificado de Fronteira (CUF), garantindo maior efici\u00eancia nas opera\u00e7\u00f5es alfandeg\u00e1rias.<\/p>\n<p>O modelo tamb\u00e9m inclui inova\u00e7\u00f5es como degraus tarif\u00e1rios associados ao Capex, descontos vinculados aos servi\u00e7os obrigat\u00f3rios e um programa de Recursos para Desenvolvimento Tecnol\u00f3gico (RDT), destinado ao avan\u00e7o de solu\u00e7\u00f5es inovadoras para a infraestrutura rodovi\u00e1ria.<\/p>\n<\/p><\/div>\n<p><br \/>\n<br \/><a href=\"https:\/\/www.canalrural.com.br\/economia\/leilao-da-ponte-internacional-brasil-argentina-sera-em-abril\/\">Source link <\/a><\/p>\n","protected":false},"excerpt":{"rendered":"<p>A Ponte Internacional de S\u00e3o Borja, que conecta Brasil e Argentina, ter\u00e1 sua concess\u00e3o leiloada em 4 de abril, em<\/p>\n","protected":false},"author":1,"featured_media":8964,"comment_status":"open","ping_status":"open","sticky":false,"template":"","format":"standard","meta":{"_monsterinsights_skip_tracking":false,"_monsterinsights_sitenote_active":false,"_monsterinsights_sitenote_note":"","_monsterinsights_sitenote_category":0,"_uf_show_specific_survey":0,"_uf_disable_surveys":false,"footnotes":""},"categories":[1],"tags":[],"class_list":["post-8963","post","type-post","status-publish","format-standard","has-post-thumbnail","hentry","category-news"],"_links":{"self":[{"href":"https:\/\/agromt.news\/index.php?rest_route=\/wp\/v2\/posts\/8963"}],"collection":[{"href":"https:\/\/agromt.news\/index.php?rest_route=\/wp\/v2\/posts"}],"about":[{"href":"https:\/\/agromt.news\/index.php?rest_route=\/wp\/v2\/types\/post"}],"author":[{"embeddable":true,"href":"https:\/\/agromt.news\/index.php?rest_route=\/wp\/v2\/users\/1"}],"replies":[{"embeddable":true,"href":"https:\/\/agromt.news\/index.php?rest_route=%2Fwp%2Fv2%2Fcomments&post=8963"}],"version-history":[{"count":0,"href":"https:\/\/agromt.news\/index.php?rest_route=\/wp\/v2\/posts\/8963\/revisions"}],"wp:featuredmedia":[{"embeddable":true,"href":"https:\/\/agromt.news\/index.php?rest_route=\/wp\/v2\/media\/8964"}],"wp:attachment":[{"href":"https:\/\/agromt.news\/index.php?rest_route=%2Fwp%2Fv2%2Fmedia&parent=8963"}],"wp:term":[{"taxonomy":"category","embeddable":true,"href":"https:\/\/agromt.news\/index.php?rest_route=%2Fwp%2Fv2%2Fcategories&post=8963"},{"taxonomy":"post_tag","embeddable":true,"href":"https:\/\/agromt.news\/index.php?rest_route=%2Fwp%2Fv2%2Ftags&post=8963"}],"curies":[{"name":"wp","href":"https:\/\/api.w.org\/{rel}","templated":true}]}}