{"id":8957,"date":"2025-02-03T05:02:02","date_gmt":"2025-02-03T09:02:02","guid":{"rendered":"https:\/\/agromt.news\/?p=8957"},"modified":"2025-02-03T05:02:02","modified_gmt":"2025-02-03T09:02:02","slug":"como-se-adequar-fora-do-simples-nacional","status":"publish","type":"post","link":"https:\/\/agromt.news\/?p=8957","title":{"rendered":"Como se adequar fora do Simples Nacional"},"content":{"rendered":"<p> <br \/>\n<\/p>\n<div>\n<div class=\"row\">\n<div class=\"col-lg col-infos mt-3 mt-lg-0\">\n<div class=\"section-sub-title\">\n<p itemprop=\"description\">&#13;<br \/>\n                                A exclus\u00e3o do Simples Nacional pode ocorrer por v\u00e1rios motivos&#13;\n                            <\/p>\n<\/p><\/div>\n<div class=\"container\">\n<div class=\"row\">\n<div class=\"col-lg p-0\">\n<div>\n<div class=\"block-news-main-infos mt-3 text-start\">\n<p>                                            <strong class=\"fn\" itemprop=\"author\" style=\"color: rgb(112, 112, 112); \">&#13;<br \/>\n                                                <a href=\"https:\/\/www.agrolink.com.br\/noticias\/javascript:;\" class=\"text-uppercase\" target=\"_blank\" style=\"color: rgb(112, 112, 112); \" rel=\"noopener\">Agrolink<\/a>&#13;<br \/>\n&#13;<br \/>\n                                                    &#8211; Leonardo Gottems&#13;<br \/>\n&#13;<br \/>\n                                            <\/strong><br \/>\n                                        <\/p>\n<p>                                            <abbr><time datetime=\"2025-02-01T08:08\" itemprop=\"datePublished dateModified\">Publicado em 01\/02\/2025 \u00e0s 08:08h.<\/time><\/abbr><br \/>\n                                            <\/p><\/div>\n<\/p><\/div>\n<\/p><\/div>\n<div class=\"col-lg p-0 text-lg-end\">\n<div>\n<div id=\"mdEnviarPagina\" class=\"modal fade\" role=\"dialog\">\n<div class=\"modal-dialog\">\n<div class=\"modal-content\">\n<div class=\"modal-body\">\n<p><strong>Estimado usu\u00e1rio.<\/strong><br \/>Preencha o formul\u00e1rio abaixo para remeter a p\u00e1gina.<\/p>\n<\/p><\/div>\n<\/p><\/div>\n<\/p><\/div>\n<\/div><\/div>\n<\/p><\/div>\n<\/p><\/div>\n<\/p><\/div>\n<\/p><\/div>\n<\/p><\/div>\n<div class=\"row justify-content-md-center mt-3\">\n<div class=\"col-lg-auto col-image  block-news-main-image d-none d-md-block\">\n<p>                                <img decoding=\"async\" src=\"https:\/\/www.agrolink.com.br\/upload\/imagens-resizes\/267a91276ac849b98055c0571ad61bb6_858x483.jpg\" class=\"lazyload \" alt=\"Para uma transi\u00e7\u00e3o eficiente, \u00e9 fundamental fazer uma an\u00e1lise tribut\u00e1ria para escolher o novo regime\"\/><br \/>\n                                                <span class=\"d-block mt-1\">Para uma transi\u00e7\u00e3o eficiente, \u00e9 fundamental fazer uma an\u00e1lise tribut\u00e1ria para escolher o novo regime &#8211; Foto: Pixabay<\/span><\/p><\/div>\n<\/p><\/div>\n<div class=\"section-description section-description-noticias mt-3\">\n<p>A partir de fevereiro de 2025, muitas empresas brasileiras precisar\u00e3o se adaptar \u00e0 nova realidade tribut\u00e1ria ao sa\u00edrem do Simples Nacional. Isso pode ocorrer por n\u00e3o cumprimento das exig\u00eancias fiscais ou pelo crescimento da empresa, que ultrapassa o limite de faturamento anual permitido, de at\u00e9 R$ 4,8 milh\u00f5es. A transi\u00e7\u00e3o para um novo regime, como o Lucro Presumido ou o Lucro Real, exige ajustes significativos na gest\u00e3o financeira e fiscal. Richard Domingos, diretor da Confirp Contabilidade, alerta sobre a import\u00e2ncia de planejar a mudan\u00e7a de regime tribut\u00e1rio, considerando o perfil da empresa.&#13;\n<\/p>\n<p>Para uma transi\u00e7\u00e3o eficiente, \u00e9 fundamental fazer uma an\u00e1lise tribut\u00e1ria para escolher o novo regime, levando em considera\u00e7\u00e3o o faturamento e os custos operacionais. Al\u00e9m disso, \u00e9 necess\u00e1rio revisar os pre\u00e7os de produtos e servi\u00e7os para garantir que a competitividade seja mantida, mesmo com as mudan\u00e7as fiscais. A adapta\u00e7\u00e3o ao novo sistema fiscal inclui a atualiza\u00e7\u00e3o dos sistemas de emiss\u00e3o de notas e a entrega das declara\u00e7\u00f5es fiscais exigidas, como a DCTF e a EFD-Contribui\u00e7\u00f5es. Outro ponto importante \u00e9 ajustar a folha de pagamento, considerando os novos encargos previdenci\u00e1rios e FGTS, al\u00e9m de revisar os impactos do ICMS e ISS, que podem variar conforme o estado e o munic\u00edpio. Por fim, a empresa deve repensar suas pol\u00edticas comerciais, priorizando produtos com menor impacto tribut\u00e1rio ou maior rentabilidade.&#13;\n<\/p>\n<p>A exclus\u00e3o do Simples Nacional pode ocorrer por v\u00e1rios motivos, como ultrapassar o limite de faturamento, n\u00e3o regularizar d\u00e9bitos tribut\u00e1rios, realizar atividades n\u00e3o permitidas, ou ter s\u00f3cios com restri\u00e7\u00f5es espec\u00edficas. Empresas que enfrentam essa mudan\u00e7a devem estar preparadas para os desafios fiscais e buscar otimizar sua gest\u00e3o financeira, repensando sua estrutura de custos e estrat\u00e9gias de crescimento. As informa\u00e7\u00f5es s\u00e3o de Richard Domingos, diretor executivo da Confirp Contabilidade.<br \/>&#13;<br \/>\n\u00a0&#13;\n<\/p>\n<\/p><\/div>\n<\/p><\/div>\n<p><script data-cfasync=\"false\">\n    !function (f, b, e, v, n, t, s) {\n        if (f.fbq) return; n = f.fbq = function () {\n            n.callMethod ?\n                n.callMethod.apply(n, arguments) : n.queue.push(arguments)\n        };\n        if (!f._fbq) f._fbq = n; n.push = n; n.loaded = !0; n.version = '2.0';\n        n.queue = []; t = b.createElement(e); t.async = !0;\n        t.src = v; s = b.getElementsByTagName(e)[0];\n        s.parentNode.insertBefore(t, s)\n    }(window, document, 'script',\n        'https:\/\/connect.facebook.net\/en_US\/fbevents.js');\n    fbq('init', '522546078623747');\n    fbq('track', 'PageView');\n<\/script><br \/>\n<br \/><br \/>\n<br \/><a href=\"https:\/\/www.agrolink.com.br\/noticias\/como-se-adequar-fora-do-simples-nacional_498947.html\">Source link <\/a><\/p>\n","protected":false},"excerpt":{"rendered":"<p>&#13; A exclus\u00e3o do Simples Nacional pode ocorrer por v\u00e1rios motivos&#13; &#13; Agrolink&#13; &#13; &#8211; Leonardo Gottems&#13; &#13; Publicado em<\/p>\n","protected":false},"author":1,"featured_media":5088,"comment_status":"open","ping_status":"open","sticky":false,"template":"","format":"standard","meta":{"_monsterinsights_skip_tracking":false,"_monsterinsights_sitenote_active":false,"_monsterinsights_sitenote_note":"","_monsterinsights_sitenote_category":0,"_uf_show_specific_survey":0,"_uf_disable_surveys":false,"footnotes":""},"categories":[8,1,14],"tags":[],"class_list":["post-8957","post","type-post","status-publish","format-standard","has-post-thumbnail","hentry","category-agro","category-news","category-politica-agro"],"_links":{"self":[{"href":"https:\/\/agromt.news\/index.php?rest_route=\/wp\/v2\/posts\/8957"}],"collection":[{"href":"https:\/\/agromt.news\/index.php?rest_route=\/wp\/v2\/posts"}],"about":[{"href":"https:\/\/agromt.news\/index.php?rest_route=\/wp\/v2\/types\/post"}],"author":[{"embeddable":true,"href":"https:\/\/agromt.news\/index.php?rest_route=\/wp\/v2\/users\/1"}],"replies":[{"embeddable":true,"href":"https:\/\/agromt.news\/index.php?rest_route=%2Fwp%2Fv2%2Fcomments&post=8957"}],"version-history":[{"count":0,"href":"https:\/\/agromt.news\/index.php?rest_route=\/wp\/v2\/posts\/8957\/revisions"}],"wp:featuredmedia":[{"embeddable":true,"href":"https:\/\/agromt.news\/index.php?rest_route=\/wp\/v2\/media\/5088"}],"wp:attachment":[{"href":"https:\/\/agromt.news\/index.php?rest_route=%2Fwp%2Fv2%2Fmedia&parent=8957"}],"wp:term":[{"taxonomy":"category","embeddable":true,"href":"https:\/\/agromt.news\/index.php?rest_route=%2Fwp%2Fv2%2Fcategories&post=8957"},{"taxonomy":"post_tag","embeddable":true,"href":"https:\/\/agromt.news\/index.php?rest_route=%2Fwp%2Fv2%2Ftags&post=8957"}],"curies":[{"name":"wp","href":"https:\/\/api.w.org\/{rel}","templated":true}]}}