{"id":8953,"date":"2025-02-02T22:27:20","date_gmt":"2025-02-03T02:27:20","guid":{"rendered":"https:\/\/agromt.news\/?p=8953"},"modified":"2025-02-02T22:27:20","modified_gmt":"2025-02-03T02:27:20","slug":"estrategia-crucial-na-safra-de-graos-2024-25","status":"publish","type":"post","link":"https:\/\/agromt.news\/?p=8953","title":{"rendered":"Estrat\u00e9gia crucial na safra de gr\u00e3os 2024\/25"},"content":{"rendered":"<p> <br \/>\n<\/p>\n<div>\n<div class=\"row\">\n<div class=\"col-lg col-infos mt-3 mt-lg-0\">\n<div class=\"section-sub-title\">\n<p itemprop=\"description\">&#13;<br \/>\n                                No milho, a demanda interna segue aquecida&#13;\n                            <\/p>\n<\/p><\/div>\n<div class=\"container\">\n<div class=\"row\">\n<div class=\"col-lg p-0\">\n<div>\n<div class=\"block-news-main-infos mt-3 text-start\">\n<p>                                            <strong class=\"fn\" itemprop=\"author\" style=\"color: rgb(112, 112, 112); \">&#13;<br \/>\n                                                <a href=\"https:\/\/www.agrolink.com.br\/noticias\/javascript:;\" class=\"text-uppercase\" target=\"_blank\" style=\"color: rgb(112, 112, 112); \" rel=\"noopener\">Agrolink<\/a>&#13;<br \/>\n&#13;<br \/>\n                                                    &#8211; Leonardo Gottems&#13;<br \/>\n&#13;<br \/>\n                                            <\/strong><br \/>\n                                        <\/p>\n<p>                                            <abbr><time datetime=\"2025-02-01T09:10\" itemprop=\"datePublished dateModified\">Publicado em 01\/02\/2025 \u00e0s 09:10h.<\/time><\/abbr><br \/>\n                                            <\/p><\/div>\n<\/p><\/div>\n<\/p><\/div>\n<div class=\"col-lg p-0 text-lg-end\">\n<div>\n<div id=\"mdEnviarPagina\" class=\"modal fade\" role=\"dialog\">\n<div class=\"modal-dialog\">\n<div class=\"modal-content\">\n<div class=\"modal-body\">\n<p><strong>Estimado usu\u00e1rio.<\/strong><br \/>Preencha o formul\u00e1rio abaixo para remeter a p\u00e1gina.<\/p>\n<\/p><\/div>\n<\/p><\/div>\n<\/p><\/div>\n<\/div><\/div>\n<\/p><\/div>\n<\/p><\/div>\n<\/p><\/div>\n<\/p><\/div>\n<\/p><\/div>\n<div class=\"row justify-content-md-center mt-3\">\n<div class=\"col-lg-auto col-image  block-news-main-image d-none d-md-block\">\n<p>                                <img decoding=\"async\" src=\"https:\/\/www.agrolink.com.br\/upload\/imagens-resizes\/b4fa1187f7c34c868004e6f3fb81fcad_858x483.jpg\" class=\"lazyload \" alt=\"No milho, a demanda interna segue aquecida\"\/><br \/>\n                                                <span class=\"d-block mt-1\">No milho, a demanda interna segue aquecida &#8211; Foto: Bing<\/span><\/p><\/div>\n<\/p><\/div>\n<div class=\"section-description section-description-noticias mt-3\">\n<p>A safra de gr\u00e3os 2024\/25 no Brasil se destaca pela produ\u00e7\u00e3o robusta de <a href=\"https:\/\/www.agrolink.com.br\/culturas\/soja?utm_source=agrolink-detalhe-noticia&amp;utm_medium=detalhe-noticia&amp;utm_campaign=links-internos\" target=\"_blank\" rel=\"noopener\">soja<\/a> e pre\u00e7os favor\u00e1veis para o <a href=\"https:\/\/www.agrolink.com.br\/culturas\/milho?utm_source=agrolink-detalhe-noticia&amp;utm_medium=detalhe-noticia&amp;utm_campaign=links-internos&#9;\" target=\"_blank\" rel=\"noopener\">milho<\/a>, mas tamb\u00e9m traz desafios, como a oferta superior \u00e0 demanda no caso da <a href=\"https:\/\/www.agrolink.com.br\/culturas\/soja?utm_source=agrolink-detalhe-noticia&amp;utm_medium=detalhe-noticia&amp;utm_campaign=links-internos\" target=\"_blank\" rel=\"noopener\">soja<\/a> e gargalos log\u00edsticos. O Barter surge como uma alternativa estrat\u00e9gica para garantir insumos e reduzir riscos financeiros.&#13;\n<\/p>\n<p>Apesar de boas condi\u00e7\u00f5es clim\u00e1ticas, algumas regi\u00f5es enfrentam seca, o que afeta a qualidade dos gr\u00e3os, como no Rio Grande do Sul e no Paran\u00e1.\u201cO produtor est\u00e1 diante de uma safra cheia, mas precisa lidar com pre\u00e7os menores devido \u00e0 alta oferta e ao recuo do d\u00f3lar, que j\u00e1 est\u00e1 na casa dos R$5,90. Al\u00e9m disso, os gargalos log\u00edsticos no auge da colheita encarecem o transporte e reduzem a margem de lucro no campo\u201d, explica Christian Queiroz, analista de Opera\u00e7\u00e3o Estruturadas da ADAMA.\u00a0<\/p>\n<p>\u201cO Barter \u00e9 essencial nesse momento porque permite travar os custos com insumos antes que os pre\u00e7os caiam ainda mais. Assim, o agricultor reduz sua exposi\u00e7\u00e3o \u00e0s volatilidades do mercado e garante maior seguran\u00e7a financeira\u201d, acrescenta.<\/p>\n<p>No milho, a demanda interna segue aquecida, com pre\u00e7os elevados, especialmente pela ind\u00fastria de ra\u00e7\u00e3o animal e etanol. Queiroz destaca que, neste caso, o Barter pode ajudar a reduzir os riscos e garantir maior previsibilidade, mesmo com o cr\u00e9dito restrito e juros elevados.&#13;\n<\/p>\n<p>A competitividade da Argentina, com a redu\u00e7\u00e3o das taxas de exporta\u00e7\u00e3o, pode pressionar os pre\u00e7os das commodities brasileiras. Al\u00e9m disso, as inten\u00e7\u00f5es de plantio nos EUA, divulgadas pelo USDA em mar\u00e7o, tamb\u00e9m podem impactar o mercado. O Barter se consolida como uma ferramenta estrat\u00e9gica para o produtor navegar as incertezas e garantir seguran\u00e7a financeira.<br \/>&#13;<br \/>\n\u00a0<\/p>\n<\/p><\/div>\n<\/p><\/div>\n<p><script data-cfasync=\"false\">\n    !function (f, b, e, v, n, t, s) {\n        if (f.fbq) return; n = f.fbq = function () {\n            n.callMethod ?\n                n.callMethod.apply(n, arguments) : n.queue.push(arguments)\n        };\n        if (!f._fbq) f._fbq = n; n.push = n; n.loaded = !0; n.version = '2.0';\n        n.queue = []; t = b.createElement(e); t.async = !0;\n        t.src = v; s = b.getElementsByTagName(e)[0];\n        s.parentNode.insertBefore(t, s)\n    }(window, document, 'script',\n        'https:\/\/connect.facebook.net\/en_US\/fbevents.js');\n    fbq('init', '522546078623747');\n    fbq('track', 'PageView');\n<\/script><br \/>\n<br \/><br \/>\n<br \/><a href=\"https:\/\/www.agrolink.com.br\/noticias\/barter--estrategia-crucial-na-safra-de-graos-2024-25_498950.html\">Source link <\/a><\/p>\n","protected":false},"excerpt":{"rendered":"<p>&#13; No milho, a demanda interna segue aquecida&#13; &#13; Agrolink&#13; &#13; &#8211; Leonardo Gottems&#13; &#13; Publicado em 01\/02\/2025 \u00e0s 09:10h.<\/p>\n","protected":false},"author":1,"featured_media":8954,"comment_status":"open","ping_status":"open","sticky":false,"template":"","format":"standard","meta":{"_monsterinsights_skip_tracking":false,"_monsterinsights_sitenote_active":false,"_monsterinsights_sitenote_note":"","_monsterinsights_sitenote_category":0,"_uf_show_specific_survey":0,"_uf_disable_surveys":false,"footnotes":""},"categories":[8,1,14],"tags":[],"class_list":["post-8953","post","type-post","status-publish","format-standard","has-post-thumbnail","hentry","category-agro","category-news","category-politica-agro"],"_links":{"self":[{"href":"https:\/\/agromt.news\/index.php?rest_route=\/wp\/v2\/posts\/8953"}],"collection":[{"href":"https:\/\/agromt.news\/index.php?rest_route=\/wp\/v2\/posts"}],"about":[{"href":"https:\/\/agromt.news\/index.php?rest_route=\/wp\/v2\/types\/post"}],"author":[{"embeddable":true,"href":"https:\/\/agromt.news\/index.php?rest_route=\/wp\/v2\/users\/1"}],"replies":[{"embeddable":true,"href":"https:\/\/agromt.news\/index.php?rest_route=%2Fwp%2Fv2%2Fcomments&post=8953"}],"version-history":[{"count":0,"href":"https:\/\/agromt.news\/index.php?rest_route=\/wp\/v2\/posts\/8953\/revisions"}],"wp:featuredmedia":[{"embeddable":true,"href":"https:\/\/agromt.news\/index.php?rest_route=\/wp\/v2\/media\/8954"}],"wp:attachment":[{"href":"https:\/\/agromt.news\/index.php?rest_route=%2Fwp%2Fv2%2Fmedia&parent=8953"}],"wp:term":[{"taxonomy":"category","embeddable":true,"href":"https:\/\/agromt.news\/index.php?rest_route=%2Fwp%2Fv2%2Fcategories&post=8953"},{"taxonomy":"post_tag","embeddable":true,"href":"https:\/\/agromt.news\/index.php?rest_route=%2Fwp%2Fv2%2Ftags&post=8953"}],"curies":[{"name":"wp","href":"https:\/\/api.w.org\/{rel}","templated":true}]}}